[{"@context":"https:\/\/schema.org\/","@type":"Article","@id":"https:\/\/www.vlaksim.cz\/bez-deti\/#Article","mainEntityOfPage":"https:\/\/www.vlaksim.cz\/bez-deti\/","headline":"Bez d\u011bt\u00ed","name":"Bez d\u011bt\u00ed","description":"V\u017edycky jsem cht\u011bla m\u00edt hodn\u011b\u00a0d\u011bt\u00ed. \u0158\u00edkala jsem si, \u017ee kdy\u017e budu m\u00edt hodn\u011b d\u011bt\u00ed, tak taky budu m\u00edt doma hodn\u011b radosti a vesel\u00ed. Proto\u017ee jak je zn\u00e1mo, tak mal\u00e9 d\u011bti p\u0159in\u00e1\u0161ej\u00ed radost. A j\u00e1 si nedok\u00e1\u017eu p\u0159edstavit pr\u00e1zdn\u00fd d\u016fm. Nech\u00e1pu t\u0159eba nap\u0159\u00edklad moji kamar\u00e1dku, kter\u00e1 d\u011bti v\u016fbec nechce. Je jasn\u00e9, \u017ee tohle je opravdu ka\u017ed\u00e9ho...<p class=\"more-link\"><a href=\"https:\/\/www.vlaksim.cz\/bez-deti\/\" class=\"themebutton3\">Read More<\/a><\/p>","datePublished":"2022-04-16","dateModified":"2023-05-02","author":{"@type":"Person","@id":"https:\/\/www.vlaksim.cz\/author\/#Person","name":"","url":"https:\/\/www.vlaksim.cz\/author\/","identifier":1,"image":{"@type":"ImageObject","@id":"https:\/\/secure.gravatar.com\/avatar\/9d25b0af9840660883a67790aa4f595ddc226aa4680c4cf7bc03a25c14fcef85?s=96&d=mm&r=g","url":"https:\/\/secure.gravatar.com\/avatar\/9d25b0af9840660883a67790aa4f595ddc226aa4680c4cf7bc03a25c14fcef85?s=96&d=mm&r=g","height":96,"width":96}},"publisher":{"@type":"Organization","name":"vlaksim.cz","logo":{"@type":"ImageObject","@id":"\/logo.png","url":"\/logo.png","width":600,"height":60}},"image":{"@type":"ImageObject","@id":"https:\/\/www.vlaksim.cz\/wp-content\/uploads\/pexels-photo-7669130_2.jpeg","url":"https:\/\/www.vlaksim.cz\/wp-content\/uploads\/pexels-photo-7669130_2.jpeg","height":0,"width":0},"url":"https:\/\/www.vlaksim.cz\/bez-deti\/","about":["D\u011bti"],"wordCount":447,"articleBody":"V\u017edycky jsem cht\u011bla m\u00edt hodn\u011b\u00a0d\u011bt\u00ed. \u0158\u00edkala jsem si, \u017ee kdy\u017e budu m\u00edt hodn\u011b d\u011bt\u00ed, tak taky budu m\u00edt doma hodn\u011b radosti a vesel\u00ed. Proto\u017ee jak je zn\u00e1mo, tak mal\u00e9 d\u011bti p\u0159in\u00e1\u0161ej\u00ed radost. A j\u00e1 si nedok\u00e1\u017eu p\u0159edstavit pr\u00e1zdn\u00fd d\u016fm. Nech\u00e1pu t\u0159eba nap\u0159\u00edklad moji kamar\u00e1dku, kter\u00e1 d\u011bti v\u016fbec nechce. Je jasn\u00e9, \u017ee tohle je opravdu ka\u017ed\u00e9ho n\u00e1zor a nem\u00e1 do toho n\u011bkdo co mluvit. Jenom\u017ee j\u00e1 jsem to prost\u011b cht\u011bla v\u011bd\u011bt. Cht\u011bla jsem v\u011bd\u011bt, pro\u010d moje kamar\u00e1dka nechce m\u00edt d\u011bti. Kdy\u017e to tak vezmu, tak ona m\u00e1 dva sourozence a ona \u0159\u00edkala, \u017ee je naprosto r\u00e1da, \u017ee je m\u00e1. Moje kamar\u00e1dka je r\u00e1da, \u017ee m\u00e1 sourozence. A tak j\u00e1 jsem si myslela, \u017ee taky bude cht\u00edt m\u00edt d\u011bti. A ne jenom jedno, ale t\u0159eba dv\u011b anebo t\u0159i d\u011bti. Jenom\u017ee m\u011b opravdu hodn\u011b p\u0159ekvapilo, kdy\u017e mi \u0159ekla, \u017ee d\u011bti nechci m\u00edt v\u016fbec te\u010dka Ze za\u010d\u00e1tku jsem si myslela, \u017ee jsi kamar\u00e1dka d\u011bl\u00e1 opravdu jenom srandu. Ov\u0161em ale kamar\u00e1dka to myslela v\u00e1\u017en\u011b. Ona v\u016fbec necht\u011bla \u017e\u00e1dn\u00e9 d\u011bti. A kdy\u017e jsem se j\u00ed zeptala na d\u016fvod, tak mi \u0159ekla, \u017ee d\u011bti ji nebav\u00ed. Nev\u011bd\u011bla jsem, co si pod t\u00edm m\u00e1m myslet.Jenom\u017ee potom ona potkala p\u0159\u00edtele. A oni to m\u011bli tak sehran\u00fd, \u017ee ani jeden necht\u011bl nikdo \u017e\u00e1dn\u00e9 d\u00edt\u011b. A tak jsem si \u0159ekla, kdy\u017e to tak c\u00edt\u00ed oba dva, tak je to asi v po\u0159\u00e1dku. Proto\u017ee hor\u0161\u00ed by bylo, kdyby jeden z nich d\u00edt\u011b cht\u011bl a ten druh\u00fd by necht\u011bl. Tady ty potom by nast\u00e1val probl\u00e9m. Mysl\u00edm si, \u017ee takov\u00fd vztah by ur\u010dit\u011b nevydr\u017eel. Proto\u017ee pokud jeden chce m\u00edt d\u011bti a druh\u00fd ne, tak je to velk\u00fd probl\u00e9m i ve vztahu. Tady kamar\u00e1dka pr\u00e1v\u011b m\u011bla \u0161t\u011bst\u00ed, \u017ee narazila na p\u0159\u00edtele, kter\u00fd d\u011bti taky nechce, a tak se s p\u0159\u00edtelem p\u011bkn\u011b dopl\u0148uj\u00ed. Oni zasv\u011btili pr\u00fd cel\u00fd \u017eivot cestov\u00e1n\u00ed a tak\u00e9 sv\u00e9mu psovi. Nev\u00edm, co je na tom lep\u0161\u00edho m\u00edt psa ne\u017e d\u00edt\u011b. Ov\u0161em ale to je ka\u017ed\u00e9ho v\u011bc a mysl\u00edm si, \u017ee by to taky m\u011bl ka\u017ed\u00fd respektovat a br\u00e1t s nadhledem. V\u0161ichni nejsou mate\u0159sk\u00fd typ.                                                                                                                                                                                                                                                                                                                                                                                        4.7\/5 - (7 votes)        "},{"@context":"https:\/\/schema.org\/","@type":"BreadcrumbList","itemListElement":[{"@type":"ListItem","position":1,"name":"Bez d\u011bt\u00ed","item":"https:\/\/www.vlaksim.cz\/bez-deti\/#breadcrumbitem"}]}]