[{"@context":"https:\/\/schema.org\/","@type":"Article","@id":"https:\/\/www.vlaksim.cz\/cesi-na-dovolene\/#Article","mainEntityOfPage":"https:\/\/www.vlaksim.cz\/cesi-na-dovolene\/","headline":"\u010ce\u0161i na dovolen\u00e9","name":"\u010ce\u0161i na dovolen\u00e9","description":"Zat\u00edmco v\u00a0minulosti se jezdilo a l\u00e9talo hlavn\u011b do oblasti st\u0159edozemn\u00edho mo\u0159e, p\u0159ev\u00e1\u017en\u011b do jej\u00ed africk\u00e9 \u010d\u00e1sti, leto\u0161n\u00ed obl\u00edbenost co se destinac\u00ed t\u00fd\u010de, pro\u0161la po letech markantn\u00ed zm\u011bnou. Pra\u017esk\u00e9 leti\u0161t\u011b spo\u010d\u00edtalo, do jak\u00fdch zem\u00ed \u010ce\u0161i letos m\u00ed\u0159ili nej\u010dast\u011bji a kter\u00fdm se naopak vyh\u00fdbali. Nejedn\u00e1 se o anal\u00fdzu celorepublikovou, proto\u017ee mnoho lid\u00ed vyu\u017e\u00edv\u00e1 pra\u017esk\u00e9 leti\u0161t\u011b jenom k\u00a0p\u0159estupu...<p class=\"more-link\"><a href=\"https:\/\/www.vlaksim.cz\/cesi-na-dovolene\/\" class=\"themebutton3\">Read More<\/a><\/p>","datePublished":"2016-10-01","dateModified":"2023-05-02","author":{"@type":"Person","@id":"https:\/\/www.vlaksim.cz\/author\/#Person","name":"","url":"https:\/\/www.vlaksim.cz\/author\/","identifier":1,"image":{"@type":"ImageObject","@id":"https:\/\/secure.gravatar.com\/avatar\/9d25b0af9840660883a67790aa4f595ddc226aa4680c4cf7bc03a25c14fcef85?s=96&d=mm&r=g","url":"https:\/\/secure.gravatar.com\/avatar\/9d25b0af9840660883a67790aa4f595ddc226aa4680c4cf7bc03a25c14fcef85?s=96&d=mm&r=g","height":96,"width":96}},"publisher":{"@type":"Organization","name":"vlaksim.cz","logo":{"@type":"ImageObject","@id":"\/logo.png","url":"\/logo.png","width":600,"height":60}},"image":{"@type":"ImageObject","@id":"https:\/\/www.vlaksim.cz\/wp-content\/uploads\/img_a277517_w3151_t1601801199.jpg","url":"https:\/\/www.vlaksim.cz\/wp-content\/uploads\/img_a277517_w3151_t1601801199.jpg","height":0,"width":0},"url":"https:\/\/www.vlaksim.cz\/cesi-na-dovolene\/","about":["Ekonomika"],"wordCount":386,"articleBody":"Zat\u00edmco v\u00a0minulosti se jezdilo a l\u00e9talo hlavn\u011b do oblasti st\u0159edozemn\u00edho mo\u0159e, p\u0159ev\u00e1\u017en\u011b do jej\u00ed africk\u00e9 \u010d\u00e1sti, leto\u0161n\u00ed obl\u00edbenost co se destinac\u00ed t\u00fd\u010de, pro\u0161la po letech markantn\u00ed zm\u011bnou. Pra\u017esk\u00e9 leti\u0161t\u011b spo\u010d\u00edtalo, do jak\u00fdch zem\u00ed \u010ce\u0161i letos m\u00ed\u0159ili nej\u010dast\u011bji a kter\u00fdm se naopak vyh\u00fdbali. Nejedn\u00e1 se o anal\u00fdzu celorepublikovou, proto\u017ee mnoho lid\u00ed vyu\u017e\u00edv\u00e1 pra\u017esk\u00e9 leti\u0161t\u011b jenom k\u00a0p\u0159estupu v\u00a0jin\u00e9 zemi na jin\u00e9 letadlo, ale v\u011bt\u0161ina \u010cech\u016f l\u00e9t\u00e1 na dovolen\u00e9 pr\u00e1v\u011b z\u00a0hlavn\u00edho m\u011bsta.Podle anal\u00fdzy \u010ce\u0161i necestuj\u00ed d\u00e9le ne\u017e p\u011bt hodin, leto\u0161n\u00ed sezonu preferovali destinace u mo\u0159e. Na prvn\u00edch m\u00edstech se tak nach\u00e1zelo \u0160pan\u011blsko se sv\u00fdmi pl\u00e1\u017eemi a ostrovem Mallorca. Naproti tomu \u0158ecko, Tunis a Turecko se dostaly do propadu oproti minul\u00fdm l\u00e9t\u016fm; s\u00a0nejv\u011bt\u0161\u00ed pravd\u011bpodobnost\u00ed byla na vin\u011b p\u0159ev\u00e1\u017en\u011b bezpe\u010dnost na \u00fazem\u00ed t\u011bchto st\u00e1t\u016f. Turecko v\u00a0hlavn\u00ed sezon\u011b ztratilo oproti lo\u0148sku dv\u011b t\u0159etiny klient\u016f. \u0158ecko, kter\u00e9 loni \u017eeb\u0159\u00ed\u010dku obl\u00edbenosti dominovalo, kleslo o sedm procent.Leto\u0161n\u00ed sezon\u011b dominovalo \u0160pan\u011blsko a Bulharsko. Na Mallorcu letos let\u011blo o t\u00e9m\u011b\u0159 \u010dty\u0159icet procent \u010cech\u016f v\u00edce ne\u017e loni. V\u00a0\u017eeb\u0159\u00ed\u010dku obl\u00edbenosti stoupl Dubrovn\u00edk v\u00a0Chorvatsku, Malta nebo t\u0159eba Alb\u00e1nie.Anal\u00fdza tak\u00e9 ukazuje, \u017ee oproti lo\u0148sk\u00e9mu roku po\u010det lid\u00ed, kte\u0159\u00ed se na dovolenou vydali letadlem, o v\u00edce ne\u017e dv\u011b a p\u016fl procenta v\u00a0hlavn\u00ed letn\u00ed sezon\u011b klesl.Prodeje z\u00e1jezd\u016f do st\u0159edomo\u0159\u00ed klesly o patn\u00e1ct procent, \u010d\u00edm\u017e nejv\u00edce utrp\u011bly z\u00e1jezdy, kter\u00e9 m\u011bly pobyt a dopravu v\u00a0cen\u011b. Situace by se ale mohla v\u00a0nejbli\u017e\u0161\u00edch m\u011bs\u00edc\u00edch a dal\u0161\u00ed sezon\u011b zm\u011bnit, nebo\u0165 nap\u0159\u00edklad Turecko za\u010dalo od z\u00e1\u0159\u00ed op\u011bt z\u00edsk\u00e1vat na popularit\u011b \u2013 Turecko a Tunisko v\u0161ak mohou s\u00a0t\u00edmto trendem po\u010d\u00edtat pouze v\u00a0p\u0159\u00edpad\u011b, \u017ee na sv\u00fdch \u00fazem\u00edch udr\u017e\u00ed m\u00edr a klid. Cestovn\u00ed kancel\u00e1\u0159e ne\u010dekaj\u00ed n\u00e1sleduj\u00edc\u00ed sezonu v\u00a0p\u0159\u00edpad\u011b Turecka tak drastick\u00fd pokles, jak\u00fd byl ten leto\u0161n\u00ed.                                                                                                                                                                                                                                                                                                                                                                                        4.6\/5 - (9 votes)        "},{"@context":"https:\/\/schema.org\/","@type":"BreadcrumbList","itemListElement":[{"@type":"ListItem","position":1,"name":"\u010ce\u0161i na dovolen\u00e9","item":"https:\/\/www.vlaksim.cz\/cesi-na-dovolene\/#breadcrumbitem"}]}]