[{"@context":"https:\/\/schema.org\/","@type":"Article","@id":"https:\/\/www.vlaksim.cz\/cestujeme-s-vypujcenym-vozem-z-pujcovny-dodavek-po-jihoceskem-regionu\/#Article","mainEntityOfPage":"https:\/\/www.vlaksim.cz\/cestujeme-s-vypujcenym-vozem-z-pujcovny-dodavek-po-jihoceskem-regionu\/","headline":"Cestujeme s vyp\u016fj\u010den\u00fdm vozem z p\u016fj\u010dovny dod\u00e1vek po jiho\u010desk\u00e9m regionu","name":"Cestujeme s vyp\u016fj\u010den\u00fdm vozem z p\u016fj\u010dovny dod\u00e1vek po jiho\u010desk\u00e9m regionu","description":"Na Internetu se to hem\u017e\u00ed stovkami r\u016fzn\u00fdch tras pro n\u00e1dhernou dovolenou a v\u011bt\u0161ina z nich sm\u011b\u0159uje do zahrani\u010d\u00ed. V\u00edce ne\u017e polovina tip\u016f nezapomene zm\u00ednit kr\u00e1su p\u0159\u00edmo\u0159sk\u00fdch letovisek, alpsk\u00fdch vrcholk\u016f a upraven\u00e9 krajiny Rakouska a Bavorska, kter\u00e1 b\u00fdv\u00e1 jako vyst\u0159i\u017een\u00e1 ze \u017eurn\u00e1lu a vhodn\u00e1 na tituln\u00ed str\u00e1nku prospektu s ubytovac\u00edmi mo\u017enostmi. Na\u0161e zem\u011b m\u00e1 v\u0161ak tak\u00e9...<p class=\"more-link\"><a href=\"https:\/\/www.vlaksim.cz\/cestujeme-s-vypujcenym-vozem-z-pujcovny-dodavek-po-jihoceskem-regionu\/\" class=\"themebutton3\">Read More<\/a><\/p>","datePublished":"2020-07-14","dateModified":"2024-06-24","author":{"@type":"Person","@id":"https:\/\/www.vlaksim.cz\/author\/#Person","name":"","url":"https:\/\/www.vlaksim.cz\/author\/","identifier":1,"image":{"@type":"ImageObject","@id":"https:\/\/secure.gravatar.com\/avatar\/9d25b0af9840660883a67790aa4f595ddc226aa4680c4cf7bc03a25c14fcef85?s=96&d=mm&r=g","url":"https:\/\/secure.gravatar.com\/avatar\/9d25b0af9840660883a67790aa4f595ddc226aa4680c4cf7bc03a25c14fcef85?s=96&d=mm&r=g","height":96,"width":96}},"publisher":{"@type":"Organization","name":"vlaksim.cz","logo":{"@type":"ImageObject","@id":"\/logo.png","url":"\/logo.png","width":600,"height":60}},"image":{"@type":"ImageObject","@id":"https:\/\/www.vlaksim.cz\/wp-content\/uploads\/jiho%C4%8Desk%C3%BD%20rybn%C3%ADk.jpg","url":"https:\/\/www.vlaksim.cz\/wp-content\/uploads\/jiho%C4%8Desk%C3%BD%20rybn%C3%ADk.jpg","height":0,"width":0},"url":"https:\/\/www.vlaksim.cz\/cestujeme-s-vypujcenym-vozem-z-pujcovny-dodavek-po-jihoceskem-regionu\/","about":["Business"],"wordCount":445,"articleBody":"      Na Internetu se to hem\u017e\u00ed stovkami r\u016fzn\u00fdch tras pro n\u00e1dhernou dovolenou a v\u011bt\u0161ina z nich sm\u011b\u0159uje do zahrani\u010d\u00ed. V\u00edce ne\u017e polovina tip\u016f nezapomene zm\u00ednit kr\u00e1su p\u0159\u00edmo\u0159sk\u00fdch letovisek, alpsk\u00fdch vrcholk\u016f a upraven\u00e9 krajiny Rakouska a Bavorska, kter\u00e1 b\u00fdv\u00e1 jako vyst\u0159i\u017een\u00e1 ze \u017eurn\u00e1lu a vhodn\u00e1 na tituln\u00ed str\u00e1nku prospektu s ubytovac\u00edmi mo\u017enostmi.Na\u0161e zem\u011b m\u00e1 v\u0161ak tak\u00e9 sv\u00e9 kouzlo a ve srovn\u00e1n\u00ed s ostatn\u00edmi evropsk\u00fdmi regiony mo\u017en\u00e1 i v\u00edce pam\u00e1tek a p\u0159\u00edrodn\u00edch skvost\u016f, rozmanit\u011bj\u0161\u00ed a malebn\u011bj\u0161\u00ed krajinu. Sou\u010dasn\u00fdm trendem je cestov\u00e1n\u00ed na dovolenou osobn\u00edm vozidlem, je\u0161t\u011b v polovin\u011b 90. let jsme v\u00edce vyu\u017e\u00edvali autobusovou a vlakovou p\u0159epravu, dnes se sp\u00ed\u0161e orientujeme na pohodl\u00ed auta, bez z\u00e1vislosti na j\u00edzdn\u00edch \u0159\u00e1dech. V posledn\u00edch deseti letech se nav\u00edc zv\u00fd\u0161il z\u00e1jem o vyu\u017e\u00edv\u00e1n\u00ed velk\u00fdch voz\u016f s n\u00e1kladov\u00fdm prostorem z p\u016fj\u010doven dod\u00e1vek Praha, s nimi\u017e lze pob\u00fdvat i v kempech, nez\u00e1visle na rezervac\u00edch hotel\u016f a penzion\u016f.S trochou skromnosti p\u0159esp\u00edte v kempu i v dob\u011b koronavirov\u00e9 epidemie, vyhnete se nep\u0159\u00edjemnostem, kdy v\u00e1s mohou hoteli\u00e9\u0159i kv\u016fli nebezpe\u010d\u00ed n\u00e1kazy odm\u00edtnout, a v\u011bt\u0161inu sv\u00e9ho \u010dasu vyu\u017eijete k j\u00edzd\u011b krajinou a pozn\u00e1v\u00e1n\u00ed zaj\u00edmav\u00fdch m\u00edst. Kde to v \u010cesku stoj\u00ed za n\u00e1v\u0161t\u011bvu a kde v\u00e1s p\u0159\u00edjemn\u011b p\u0159ekvap\u00ed tamn\u00ed krajina?T\u0159ebo\u0148sko a horn\u00ed tok Lu\u017enice \u2013 zkuste trasu z kempu v Majdalen\u011b do Chlumu u T\u0159ebon\u011b, k obci St\u0159\u00edb\u0159ec, do T\u0159ebon\u011b a zp\u011bt na Majdalenu. Vyplat\u00ed se \u010d\u00e1st trasy projet i na kolech, t\u0159eba okruh pod\u00e9l rybn\u00edk\u016f Nad\u011bjsk\u00e9 rybni\u010dn\u00ed soustavy. Za slune\u010dn\u00e9ho po\u010das\u00ed je okoln\u00ed p\u0159\u00edroda velmi romantick\u00e1 a nikde jinde na sv\u011bt\u011b podobn\u00fd r\u00e1z krajiny nespat\u0159\u00edte.Blansk\u00fd les \u2013 \u010cesk\u00fd Krumlov zn\u00e1 t\u00e9m\u011b\u0159 ka\u017ed\u00fd, ale zvln\u011bn\u00fd reli\u00e9f Blansk\u00e9ho lesa v jeho okol\u00ed u\u017e nikoli. Jde ov\u0161em o jedny z nejkr\u00e1sn\u011bj\u0161\u00edch v\u00fdhled\u016f na podh\u016f\u0159\u00ed \u0160umavy a krajinu \u010ceskobud\u011bjovick\u00e9 p\u00e1nve. Kopcovit\u00fd ter\u00e9n od P\u0159\u00edse\u010dn\u00e9 do Zlat\u00e9 Koruny, T\u0159\u00edsova, Holubova a K\u0159em\u017ee pat\u0159\u00ed k nejkr\u00e1sn\u011bj\u0161\u00edm ve st\u0159edn\u00ed Evrop\u011b, trasu m\u016f\u017eete spojit s v\u00fdstupem na Kle\u0165 a j\u00edzdou pod\u00e9l meandr\u016f Vltavy, kter\u00e1 tu prot\u00e9k\u00e1 pod\u00e9l n\u011bkolika p\u0159\u00edrodn\u00edch park\u016f.                                                                                                                                                                                                                                                                                                                                                                                          4.3\/5 - (11 votes)        "},{"@context":"https:\/\/schema.org\/","@type":"BreadcrumbList","itemListElement":[{"@type":"ListItem","position":1,"name":"Cestujeme s vyp\u016fj\u010den\u00fdm vozem z p\u016fj\u010dovny dod\u00e1vek po jiho\u010desk\u00e9m regionu","item":"https:\/\/www.vlaksim.cz\/cestujeme-s-vypujcenym-vozem-z-pujcovny-dodavek-po-jihoceskem-regionu\/#breadcrumbitem"}]}]