{"@context":"https:\/\/schema.org\/","@type":"CollectionPage","@id":"https:\/\/www.vlaksim.cz\/dum-a-zahrada\/#CollectionPage","headline":"D\u016fm a zahrada Category","description":"","url":"https:\/\/www.vlaksim.cz\/dum-a-zahrada\/","hasPart":[{"@type":"Article","@id":"https:\/\/www.vlaksim.cz\/jak-vyuzit-misto-v-rohu-dejte-tam-sedaci-soupravu\/","headline":"Jak vyu\u017e\u00edt m\u00edsto v rohu? Dejte tam sedac\u00ed soupravu!","url":"https:\/\/www.vlaksim.cz\/jak-vyuzit-misto-v-rohu-dejte-tam-sedaci-soupravu\/","datePublished":"2023-05-02","dateModified":"2023-05-02","mainEntityOfPage":"https:\/\/www.vlaksim.cz\/jak-vyuzit-misto-v-rohu-dejte-tam-sedaci-soupravu\/","author":{"@type":"Person","@id":"https:\/\/www.vlaksim.cz\/author\/#Person","name":"","url":"https:\/\/www.vlaksim.cz\/author\/","identifier":1,"image":{"@type":"ImageObject","@id":"https:\/\/secure.gravatar.com\/avatar\/9d25b0af9840660883a67790aa4f595ddc226aa4680c4cf7bc03a25c14fcef85?s=96&d=mm&r=g","url":"https:\/\/secure.gravatar.com\/avatar\/9d25b0af9840660883a67790aa4f595ddc226aa4680c4cf7bc03a25c14fcef85?s=96&d=mm&r=g","height":96,"width":96}},"publisher":{"@type":"Organization","name":"vlaksim.cz","logo":{"@type":"ImageObject","@id":"\/logo.png","url":"\/logo.png","width":600,"height":60}},"image":null,"keywords":null},{"@type":"Article","@id":"https:\/\/www.vlaksim.cz\/jedinecny-domov-na-miru-pro-vas\/","headline":"Jedine\u010dn\u00fd domov na m\u00edru pro v\u00e1s","url":"https:\/\/www.vlaksim.cz\/jedinecny-domov-na-miru-pro-vas\/","datePublished":"2021-11-27","dateModified":"2023-05-02","mainEntityOfPage":"https:\/\/www.vlaksim.cz\/jedinecny-domov-na-miru-pro-vas\/","author":{"@type":"Person","@id":"https:\/\/www.vlaksim.cz\/author\/#Person","name":"","url":"https:\/\/www.vlaksim.cz\/author\/","identifier":1,"image":{"@type":"ImageObject","@id":"https:\/\/secure.gravatar.com\/avatar\/9d25b0af9840660883a67790aa4f595ddc226aa4680c4cf7bc03a25c14fcef85?s=96&d=mm&r=g","url":"https:\/\/secure.gravatar.com\/avatar\/9d25b0af9840660883a67790aa4f595ddc226aa4680c4cf7bc03a25c14fcef85?s=96&d=mm&r=g","height":96,"width":96}},"publisher":{"@type":"Organization","name":"vlaksim.cz","logo":{"@type":"ImageObject","@id":"\/logo.png","url":"\/logo.png","width":600,"height":60}},"image":{"@type":"ImageObject","@id":"https:\/\/www.vlaksim.cz\/wp-content\/uploads\/interior-g9cd0e2e4e_640.jpg","url":"https:\/\/www.vlaksim.cz\/wp-content\/uploads\/interior-g9cd0e2e4e_640.jpg","height":0,"width":0},"keywords":null},{"@type":"Article","@id":"https:\/\/www.vlaksim.cz\/mit-spolubydliciho-nebo-bydlet-samostatne\/","headline":"M\u00edt spolubydl\u00edc\u00edho, nebo bydlet samostatn\u011b?","url":"https:\/\/www.vlaksim.cz\/mit-spolubydliciho-nebo-bydlet-samostatne\/","datePublished":"2020-09-23","dateModified":"2023-05-02","mainEntityOfPage":"https:\/\/www.vlaksim.cz\/mit-spolubydliciho-nebo-bydlet-samostatne\/","author":{"@type":"Person","@id":"https:\/\/www.vlaksim.cz\/author\/#Person","name":"","url":"https:\/\/www.vlaksim.cz\/author\/","identifier":1,"image":{"@type":"ImageObject","@id":"https:\/\/secure.gravatar.com\/avatar\/9d25b0af9840660883a67790aa4f595ddc226aa4680c4cf7bc03a25c14fcef85?s=96&d=mm&r=g","url":"https:\/\/secure.gravatar.com\/avatar\/9d25b0af9840660883a67790aa4f595ddc226aa4680c4cf7bc03a25c14fcef85?s=96&d=mm&r=g","height":96,"width":96}},"publisher":{"@type":"Organization","name":"vlaksim.cz","logo":{"@type":"ImageObject","@id":"\/logo.png","url":"\/logo.png","width":600,"height":60}},"image":{"@type":"ImageObject","@id":"https:\/\/www.vlaksim.cz\/wp-content\/uploads\/img_a331234_w2732_t1543571067.jpg","url":"https:\/\/www.vlaksim.cz\/wp-content\/uploads\/img_a331234_w2732_t1543571067.jpg","height":0,"width":0},"keywords":null},{"@type":"Article","@id":"https:\/\/www.vlaksim.cz\/ziva-zahrada\/","headline":"\u017div\u00e1 zahrada","url":"https:\/\/www.vlaksim.cz\/ziva-zahrada\/","datePublished":"2019-08-18","dateModified":"2023-05-02","mainEntityOfPage":"https:\/\/www.vlaksim.cz\/ziva-zahrada\/","author":{"@type":"Person","@id":"https:\/\/www.vlaksim.cz\/author\/#Person","name":"","url":"https:\/\/www.vlaksim.cz\/author\/","identifier":1,"image":{"@type":"ImageObject","@id":"https:\/\/secure.gravatar.com\/avatar\/9d25b0af9840660883a67790aa4f595ddc226aa4680c4cf7bc03a25c14fcef85?s=96&d=mm&r=g","url":"https:\/\/secure.gravatar.com\/avatar\/9d25b0af9840660883a67790aa4f595ddc226aa4680c4cf7bc03a25c14fcef85?s=96&d=mm&r=g","height":96,"width":96}},"publisher":{"@type":"Organization","name":"vlaksim.cz","logo":{"@type":"ImageObject","@id":"\/logo.png","url":"\/logo.png","width":600,"height":60}},"image":{"@type":"ImageObject","@id":"https:\/\/www.vlaksim.cz\/wp-content\/uploads\/img_a353965_w3151_t1568489084.jpg","url":"https:\/\/www.vlaksim.cz\/wp-content\/uploads\/img_a353965_w3151_t1568489084.jpg","height":0,"width":0},"keywords":null},{"@type":"Article","@id":"https:\/\/www.vlaksim.cz\/bydlet-ve-vlastnim-dome-muze-kazdy\/","headline":"Bydlet ve vlastn\u00edm dom\u011b m\u016f\u017ee ka\u017ed\u00fd","url":"https:\/\/www.vlaksim.cz\/bydlet-ve-vlastnim-dome-muze-kazdy\/","datePublished":"2019-05-24","dateModified":"2023-05-02","mainEntityOfPage":"https:\/\/www.vlaksim.cz\/bydlet-ve-vlastnim-dome-muze-kazdy\/","author":{"@type":"Person","@id":"https:\/\/www.vlaksim.cz\/author\/#Person","name":"","url":"https:\/\/www.vlaksim.cz\/author\/","identifier":1,"image":{"@type":"ImageObject","@id":"https:\/\/secure.gravatar.com\/avatar\/9d25b0af9840660883a67790aa4f595ddc226aa4680c4cf7bc03a25c14fcef85?s=96&d=mm&r=g","url":"https:\/\/secure.gravatar.com\/avatar\/9d25b0af9840660883a67790aa4f595ddc226aa4680c4cf7bc03a25c14fcef85?s=96&d=mm&r=g","height":96,"width":96}},"publisher":{"@type":"Organization","name":"vlaksim.cz","logo":{"@type":"ImageObject","@id":"\/logo.png","url":"\/logo.png","width":600,"height":60}},"image":{"@type":"ImageObject","@id":"https:\/\/www.vlaksim.cz\/wp-content\/uploads\/img_a348293_w1720_t1562757354.jpg","url":"https:\/\/www.vlaksim.cz\/wp-content\/uploads\/img_a348293_w1720_t1562757354.jpg","height":0,"width":0},"keywords":null},{"@type":"Article","@id":"https:\/\/www.vlaksim.cz\/poradte-si-s-vysokymi-teplotami\/","headline":"Pora\u010fte si s vysok\u00fdmi teplotami","url":"https:\/\/www.vlaksim.cz\/poradte-si-s-vysokymi-teplotami\/","datePublished":"2018-12-03","dateModified":"2023-05-02","mainEntityOfPage":"https:\/\/www.vlaksim.cz\/poradte-si-s-vysokymi-teplotami\/","author":{"@type":"Person","@id":"https:\/\/www.vlaksim.cz\/author\/#Person","name":"","url":"https:\/\/www.vlaksim.cz\/author\/","identifier":1,"image":{"@type":"ImageObject","@id":"https:\/\/secure.gravatar.com\/avatar\/9d25b0af9840660883a67790aa4f595ddc226aa4680c4cf7bc03a25c14fcef85?s=96&d=mm&r=g","url":"https:\/\/secure.gravatar.com\/avatar\/9d25b0af9840660883a67790aa4f595ddc226aa4680c4cf7bc03a25c14fcef85?s=96&d=mm&r=g","height":96,"width":96}},"publisher":{"@type":"Organization","name":"vlaksim.cz","logo":{"@type":"ImageObject","@id":"\/logo.png","url":"\/logo.png","width":600,"height":60}},"image":{"@type":"ImageObject","@id":"https:\/\/www.vlaksim.cz\/wp-content\/uploads\/img_a332185_w1765_t1545042429.jpg","url":"https:\/\/www.vlaksim.cz\/wp-content\/uploads\/img_a332185_w1765_t1545042429.jpg","height":0,"width":0},"keywords":null},{"@type":"Article","@id":"https:\/\/www.vlaksim.cz\/hypoteka-na-druzstevni-byt-aneb-rychla-cesta-k-vlastnimu-bydleni\/","headline":"Hypot\u00e9ka na dru\u017estevn\u00ed byt aneb rychl\u00e1 cesta k vlastn\u00edmu bydlen\u00ed","url":"https:\/\/www.vlaksim.cz\/hypoteka-na-druzstevni-byt-aneb-rychla-cesta-k-vlastnimu-bydleni\/","datePublished":"2018-03-27","dateModified":"2023-05-02","mainEntityOfPage":"https:\/\/www.vlaksim.cz\/hypoteka-na-druzstevni-byt-aneb-rychla-cesta-k-vlastnimu-bydleni\/","author":{"@type":"Person","@id":"https:\/\/www.vlaksim.cz\/author\/#Person","name":"","url":"https:\/\/www.vlaksim.cz\/author\/","identifier":1,"image":{"@type":"ImageObject","@id":"https:\/\/secure.gravatar.com\/avatar\/9d25b0af9840660883a67790aa4f595ddc226aa4680c4cf7bc03a25c14fcef85?s=96&d=mm&r=g","url":"https:\/\/secure.gravatar.com\/avatar\/9d25b0af9840660883a67790aa4f595ddc226aa4680c4cf7bc03a25c14fcef85?s=96&d=mm&r=g","height":96,"width":96}},"publisher":{"@type":"Organization","name":"vlaksim.cz","logo":{"@type":"ImageObject","@id":"\/logo.png","url":"\/logo.png","width":600,"height":60}},"image":{"@type":"ImageObject","@id":"https:\/\/www.vlaksim.cz\/wp-content\/uploads\/img_a315297_w2683_t1526217263.jpg","url":"https:\/\/www.vlaksim.cz\/wp-content\/uploads\/img_a315297_w2683_t1526217263.jpg","height":0,"width":0},"keywords":null},{"@type":"Article","@id":"https:\/\/www.vlaksim.cz\/mobilni-domy\/","headline":"Mobiln\u00ed domy","url":"https:\/\/www.vlaksim.cz\/mobilni-domy\/","datePublished":"2017-12-07","dateModified":"2023-06-30","mainEntityOfPage":"https:\/\/www.vlaksim.cz\/mobilni-domy\/","author":{"@type":"Person","@id":"https:\/\/www.vlaksim.cz\/author\/#Person","name":"","url":"https:\/\/www.vlaksim.cz\/author\/","identifier":1,"image":{"@type":"ImageObject","@id":"https:\/\/secure.gravatar.com\/avatar\/9d25b0af9840660883a67790aa4f595ddc226aa4680c4cf7bc03a25c14fcef85?s=96&d=mm&r=g","url":"https:\/\/secure.gravatar.com\/avatar\/9d25b0af9840660883a67790aa4f595ddc226aa4680c4cf7bc03a25c14fcef85?s=96&d=mm&r=g","height":96,"width":96}},"publisher":{"@type":"Organization","name":"vlaksim.cz","logo":{"@type":"ImageObject","@id":"\/logo.png","url":"\/logo.png","width":600,"height":60}},"image":{"@type":"ImageObject","@id":"https:\/\/www.vlaksim.cz\/wp-content\/uploads\/img_a306416_w2084_t1517757492.jpg","url":"https:\/\/www.vlaksim.cz\/wp-content\/uploads\/img_a306416_w2084_t1517757492.jpg","height":0,"width":0},"keywords":null}]}