[{"@context":"https:\/\/schema.org\/","@type":"Article","@id":"https:\/\/www.vlaksim.cz\/hygienicke-kontejnery\/#Article","mainEntityOfPage":"https:\/\/www.vlaksim.cz\/hygienicke-kontejnery\/","headline":"Hygienick\u00e9 kontejnery","name":"Hygienick\u00e9 kontejnery","description":"V\u0161ichni v\u00edme, \u017ee ka\u017ed\u00e9 zam\u011bstn\u00e1n\u00ed n\u011bco obn\u00e1\u0161\u00ed. A nejde jenom o to, abyste chodili pravideln\u011b a poctiv\u011b do pr\u00e1ce, co\u017e se samoz\u0159ejm\u011b o\u010dek\u00e1v\u00e1, Ale tady samoz\u0159ejm\u011b jde tak\u00e9 o to, aby byly pracovn\u00ed v\u011bci v po\u0159\u00e1dku. A to mysl\u00edm t\u0159eba n\u00e1stroje anebo dal\u0161\u00ed dopl\u0148ky, bez kter\u00fdch byste t\u0159eba nemohli ani pracovat. M\u00e1m na mysli kvalitn\u00ed...<p class=\"more-link\"><a href=\"https:\/\/www.vlaksim.cz\/hygienicke-kontejnery\/\" class=\"themebutton3\">Read More<\/a><\/p>","datePublished":"2023-02-26","dateModified":"2023-12-13","author":{"@type":"Person","@id":"https:\/\/www.vlaksim.cz\/author\/#Person","name":"","url":"https:\/\/www.vlaksim.cz\/author\/","identifier":1,"image":{"@type":"ImageObject","@id":"https:\/\/secure.gravatar.com\/avatar\/9d25b0af9840660883a67790aa4f595ddc226aa4680c4cf7bc03a25c14fcef85?s=96&d=mm&r=g","url":"https:\/\/secure.gravatar.com\/avatar\/9d25b0af9840660883a67790aa4f595ddc226aa4680c4cf7bc03a25c14fcef85?s=96&d=mm&r=g","height":96,"width":96}},"publisher":{"@type":"Organization","name":"vlaksim.cz","logo":{"@type":"ImageObject","@id":"\/logo.png","url":"\/logo.png","width":600,"height":60}},"image":{"@type":"ImageObject","@id":"https:\/\/www.vlaksim.cz\/wp-content\/uploads\/port-1845350_960_720_9.jpg","url":"https:\/\/www.vlaksim.cz\/wp-content\/uploads\/port-1845350_960_720_9.jpg","height":0,"width":0},"url":"https:\/\/www.vlaksim.cz\/hygienicke-kontejnery\/","about":["Business"],"wordCount":377,"articleBody":"       V\u0161ichni v\u00edme, \u017ee ka\u017ed\u00e9 zam\u011bstn\u00e1n\u00ed n\u011bco obn\u00e1\u0161\u00ed. A nejde jenom o to, abyste chodili pravideln\u011b a poctiv\u011b do pr\u00e1ce, co\u017e se samoz\u0159ejm\u011b o\u010dek\u00e1v\u00e1, Ale tady samoz\u0159ejm\u011b jde tak\u00e9 o to, aby byly pracovn\u00ed v\u011bci v po\u0159\u00e1dku. A to mysl\u00edm t\u0159eba n\u00e1stroje anebo dal\u0161\u00ed dopl\u0148ky, bez kter\u00fdch byste t\u0159eba nemohli ani pracovat. M\u00e1m na mysli kvalitn\u00ed IBC kontejnery. A to jak IBC kontejnery od potravin, tak tak\u00e9 dal\u0161\u00ed IBC kontejnery, kter\u00e9 pot\u0159ebujete ke sv\u00e9 pr\u00e1ci a kter\u00e9 se mus\u00ed udr\u017eovat v\u017edy samoz\u0159ejm\u011b v \u010distot\u011b a zdravotn\u011b nez\u00e1vadn\u00e9. A tyto IBC kontejnery od potravin najdete t\u0159eba na webov\u00e9 str\u00e1nce schoellerallibert.com, kde se dozv\u00edte tak\u00e9 mnoho u\u017eite\u010dn\u00fdch informac\u00ed o tom, co to jsou IBC kontejnery anebo jak\u00e9 jsou kvality. Tyto plastov\u00e9 obaly jsou navr\u017eeny tak, aby samoz\u0159ejm\u011b spl\u0148ovaly v\u017edycky nejvy\u0161\u0161\u00ed pr\u016fmyslov\u00e9 standardy a aby byly zdravotn\u011b nez\u00e1vadn\u00e9. Proto\u017ee pokud si koup\u00edte IBC kontejnery na potraviny, tak samoz\u0159ejm\u011b to tak\u00e9 mus\u00ed b\u00fdt takov\u00e9, aby to v\u0161echno bylo zdravotn\u011b nez\u00e1vadn\u00e9. J\u00e1 jsem hlavn\u011b na \u010distotu a ekologii, tak\u017ee tak\u00e9 jsem r\u00e1da, kdy\u017e je n\u011bco ekologick\u00e9 a \u0161et\u0159\u00ed to p\u0159\u00edrodu. V\u017edycky jsem byla sp\u00ed\u0161e takov\u00e1, \u017ee jsem vyu\u017e\u00edvala r\u016fzn\u00e9 v\u011bci, kter\u00e9 byly kvalitn\u00ed. IBC kontejnery jsou t\u0159eba nap\u0159\u00edklad Combo fruktus, kter\u00e9 jsou nejhygieni\u010dt\u011bj\u0161\u00ed ze v\u0161ech kontejner\u016f. A kter\u00e9 m\u016f\u017eete na trhu naj\u00edt. Hygieni\u010dt\u011bj\u0161\u00ed a lep\u0161\u00ed IBC kontejner od potravin opravdu asi nenajdete. Samoz\u0159ejm\u011b, \u017ee jsou tak\u00e9 skl\u00e1dac\u00ed a maj\u00ed tak\u00e9 dvojit\u00e9 st\u011bny, kter\u00e9 udr\u017e\u00ed samoz\u0159ejm\u011b v\u0161echno pohromad\u011b a je to pro v\u011bt\u0161\u00ed a lep\u0161\u00ed zat\u00ed\u017een\u00ed. A podle m\u00e9ho n\u00e1zoru je pevnou a kvalita v\u0161ech IBC kontejner\u016f tak\u00e9 IBC kontejnery od potravin v\u017edycky velmi d\u016fle\u017eit\u00e1. Nikdo p\u0159eci nechce jenom polovi\u010dn\u00ed kvalitu. Tedy alespo\u0148 j\u00ed bych se nespokojila jenom s t\u00edm, \u017ee bych m\u011bla n\u011bco jenom nap\u016fl. Chci kvalitu, a to o\u010dek\u00e1v\u00e1m tak\u00e9 od pracovn\u00edch pom\u016fcek.                                                                                                                                                                                                                                                                                                                                                                                           4.2\/5 - (11 votes)        "},{"@context":"https:\/\/schema.org\/","@type":"BreadcrumbList","itemListElement":[{"@type":"ListItem","position":1,"name":"Hygienick\u00e9 kontejnery","item":"https:\/\/www.vlaksim.cz\/hygienicke-kontejnery\/#breadcrumbitem"}]}]