[{"@context":"https:\/\/schema.org\/","@type":"Blog","@id":"https:\/\/www.vlaksim.cz#Blog","headline":"Vlak\u0161im","description":"\nPot\u0159ebujete poradit \u010di pomoci s n\u011b\u010d\u00edm, \u010demu zase a\u017e tak dob\u0159e nerozum\u00edte nebo s \u010d\u00edm si nev\u00edte rady? Mohlo by pomoci, kdybyste nav\u0161t\u00edvili n\u00e1\u0161 web.","url":"https:\/\/www.vlaksim.cz","hasPart":[{"@type":"Article","@id":"https:\/\/www.vlaksim.cz\/co-byste-meli-vedet-pokud-se-pohybujete-ve-svete-obchodu-aneb-ekonomicke-dejiny-ve-zkratce\/","headline":"Co byste m\u011bli v\u011bd\u011bt, pokud se pohybujete ve sv\u011bt\u011b obchodu, aneb ekonomick\u00e9 d\u011bjiny ve zkratce","url":"https:\/\/www.vlaksim.cz\/co-byste-meli-vedet-pokud-se-pohybujete-ve-svete-obchodu-aneb-ekonomicke-dejiny-ve-zkratce\/","datePublished":"2020-03-09","dateModified":"2023-05-02","mainEntityOfPage":"https:\/\/www.vlaksim.cz\/co-byste-meli-vedet-pokud-se-pohybujete-ve-svete-obchodu-aneb-ekonomicke-dejiny-ve-zkratce\/","author":{"@type":"Person","@id":"https:\/\/www.vlaksim.cz\/author\/#Person","name":"","url":"https:\/\/www.vlaksim.cz\/author\/","identifier":1,"image":{"@type":"ImageObject","@id":"https:\/\/secure.gravatar.com\/avatar\/9d25b0af9840660883a67790aa4f595ddc226aa4680c4cf7bc03a25c14fcef85?s=96&d=mm&r=g","url":"https:\/\/secure.gravatar.com\/avatar\/9d25b0af9840660883a67790aa4f595ddc226aa4680c4cf7bc03a25c14fcef85?s=96&d=mm&r=g","height":96,"width":96}},"publisher":{"@type":"Organization","name":"vlaksim.cz","logo":{"@type":"ImageObject","@id":"\/logo.png","url":"\/logo.png","width":600,"height":60}},"image":{"@type":"ImageObject","@id":"https:\/\/www.vlaksim.cz\/wp-content\/uploads\/img_a372442_w4422_t1583910577.jpg","url":"https:\/\/www.vlaksim.cz\/wp-content\/uploads\/img_a372442_w4422_t1583910577.jpg","height":0,"width":0},"wordCount":450,"keywords":null},{"@type":"Article","@id":"https:\/\/www.vlaksim.cz\/chyby-na-ktere-muze-doplatit-vas-business\/","headline":"Chyby, na kter\u00e9 m\u016f\u017ee doplatit v\u00e1\u0161 business","url":"https:\/\/www.vlaksim.cz\/chyby-na-ktere-muze-doplatit-vas-business\/","datePublished":"2020-03-07","dateModified":"2023-05-02","mainEntityOfPage":"https:\/\/www.vlaksim.cz\/chyby-na-ktere-muze-doplatit-vas-business\/","author":{"@type":"Person","@id":"https:\/\/www.vlaksim.cz\/author\/#Person","name":"","url":"https:\/\/www.vlaksim.cz\/author\/","identifier":1,"image":{"@type":"ImageObject","@id":"https:\/\/secure.gravatar.com\/avatar\/9d25b0af9840660883a67790aa4f595ddc226aa4680c4cf7bc03a25c14fcef85?s=96&d=mm&r=g","url":"https:\/\/secure.gravatar.com\/avatar\/9d25b0af9840660883a67790aa4f595ddc226aa4680c4cf7bc03a25c14fcef85?s=96&d=mm&r=g","height":96,"width":96}},"publisher":{"@type":"Organization","name":"vlaksim.cz","logo":{"@type":"ImageObject","@id":"\/logo.png","url":"\/logo.png","width":600,"height":60}},"image":{"@type":"ImageObject","@id":"https:\/\/www.vlaksim.cz\/wp-content\/uploads\/img_a372333_w3151_t1583825557.jpg","url":"https:\/\/www.vlaksim.cz\/wp-content\/uploads\/img_a372333_w3151_t1583825557.jpg","height":0,"width":0},"wordCount":509,"keywords":null},{"@type":"Article","@id":"https:\/\/www.vlaksim.cz\/co-navstivit-v-moravskoslezskem-kraji\/","headline":"Co nav\u0161t\u00edvit v Moravskoslezsk\u00e9m kraji","url":"https:\/\/www.vlaksim.cz\/co-navstivit-v-moravskoslezskem-kraji\/","datePublished":"2020-03-02","dateModified":"2023-05-02","mainEntityOfPage":"https:\/\/www.vlaksim.cz\/co-navstivit-v-moravskoslezskem-kraji\/","author":{"@type":"Person","@id":"https:\/\/www.vlaksim.cz\/author\/#Person","name":"","url":"https:\/\/www.vlaksim.cz\/author\/","identifier":1,"image":{"@type":"ImageObject","@id":"https:\/\/secure.gravatar.com\/avatar\/9d25b0af9840660883a67790aa4f595ddc226aa4680c4cf7bc03a25c14fcef85?s=96&d=mm&r=g","url":"https:\/\/secure.gravatar.com\/avatar\/9d25b0af9840660883a67790aa4f595ddc226aa4680c4cf7bc03a25c14fcef85?s=96&d=mm&r=g","height":96,"width":96}},"publisher":{"@type":"Organization","name":"vlaksim.cz","logo":{"@type":"ImageObject","@id":"\/logo.png","url":"\/logo.png","width":600,"height":60}},"image":{"@type":"ImageObject","@id":"https:\/\/www.vlaksim.cz\/wp-content\/uploads\/img_a372792_w3151_t1584349596.jpg","url":"https:\/\/www.vlaksim.cz\/wp-content\/uploads\/img_a372792_w3151_t1584349596.jpg","height":0,"width":0},"wordCount":669,"keywords":null},{"@type":"Article","@id":"https:\/\/www.vlaksim.cz\/pece-ktera-se-vam-stonasobne-vrati\/","headline":"P\u00e9\u010de, kter\u00e1 se v\u00e1m ston\u00e1sobn\u011b vr\u00e1t\u00ed","url":"https:\/\/www.vlaksim.cz\/pece-ktera-se-vam-stonasobne-vrati\/","datePublished":"2019-11-10","dateModified":"2023-05-02","mainEntityOfPage":"https:\/\/www.vlaksim.cz\/pece-ktera-se-vam-stonasobne-vrati\/","author":{"@type":"Person","@id":"https:\/\/www.vlaksim.cz\/author\/#Person","name":"","url":"https:\/\/www.vlaksim.cz\/author\/","identifier":1,"image":{"@type":"ImageObject","@id":"https:\/\/secure.gravatar.com\/avatar\/9d25b0af9840660883a67790aa4f595ddc226aa4680c4cf7bc03a25c14fcef85?s=96&d=mm&r=g","url":"https:\/\/secure.gravatar.com\/avatar\/9d25b0af9840660883a67790aa4f595ddc226aa4680c4cf7bc03a25c14fcef85?s=96&d=mm&r=g","height":96,"width":96}},"publisher":{"@type":"Organization","name":"vlaksim.cz","logo":{"@type":"ImageObject","@id":"\/logo.png","url":"\/logo.png","width":600,"height":60}},"image":{"@type":"ImageObject","@id":"https:\/\/www.vlaksim.cz\/wp-content\/uploads\/img_a363970_w1735_t1576651046.jpg","url":"https:\/\/www.vlaksim.cz\/wp-content\/uploads\/img_a363970_w1735_t1576651046.jpg","height":0,"width":0},"wordCount":532,"keywords":null},{"@type":"Article","@id":"https:\/\/www.vlaksim.cz\/vse-je-o-hlidani\/","headline":"V\u0161e je o hl\u00edd\u00e1n\u00ed","url":"https:\/\/www.vlaksim.cz\/vse-je-o-hlidani\/","datePublished":"2019-11-08","dateModified":"2023-05-02","mainEntityOfPage":"https:\/\/www.vlaksim.cz\/vse-je-o-hlidani\/","author":{"@type":"Person","@id":"https:\/\/www.vlaksim.cz\/author\/#Person","name":"","url":"https:\/\/www.vlaksim.cz\/author\/","identifier":1,"image":{"@type":"ImageObject","@id":"https:\/\/secure.gravatar.com\/avatar\/9d25b0af9840660883a67790aa4f595ddc226aa4680c4cf7bc03a25c14fcef85?s=96&d=mm&r=g","url":"https:\/\/secure.gravatar.com\/avatar\/9d25b0af9840660883a67790aa4f595ddc226aa4680c4cf7bc03a25c14fcef85?s=96&d=mm&r=g","height":96,"width":96}},"publisher":{"@type":"Organization","name":"vlaksim.cz","logo":{"@type":"ImageObject","@id":"\/logo.png","url":"\/logo.png","width":600,"height":60}},"image":{"@type":"ImageObject","@id":"https:\/\/www.vlaksim.cz\/wp-content\/uploads\/img_a371315_w1943_t1582789496.jpg","url":"https:\/\/www.vlaksim.cz\/wp-content\/uploads\/img_a371315_w1943_t1582789496.jpg","height":0,"width":0},"wordCount":587,"keywords":null},{"@type":"Article","@id":"https:\/\/www.vlaksim.cz\/konicky-ktere-vypadaji-skvele-v-zivotopise\/","headline":"Kon\u00ed\u010dky, kter\u00e9 vypadaj\u00ed skv\u011ble v \u017eivotopise","url":"https:\/\/www.vlaksim.cz\/konicky-ktere-vypadaji-skvele-v-zivotopise\/","datePublished":"2019-11-04","dateModified":"2023-05-02","mainEntityOfPage":"https:\/\/www.vlaksim.cz\/konicky-ktere-vypadaji-skvele-v-zivotopise\/","author":{"@type":"Person","@id":"https:\/\/www.vlaksim.cz\/author\/#Person","name":"","url":"https:\/\/www.vlaksim.cz\/author\/","identifier":1,"image":{"@type":"ImageObject","@id":"https:\/\/secure.gravatar.com\/avatar\/9d25b0af9840660883a67790aa4f595ddc226aa4680c4cf7bc03a25c14fcef85?s=96&d=mm&r=g","url":"https:\/\/secure.gravatar.com\/avatar\/9d25b0af9840660883a67790aa4f595ddc226aa4680c4cf7bc03a25c14fcef85?s=96&d=mm&r=g","height":96,"width":96}},"publisher":{"@type":"Organization","name":"vlaksim.cz","logo":{"@type":"ImageObject","@id":"\/logo.png","url":"\/logo.png","width":600,"height":60}},"image":{"@type":"ImageObject","@id":"https:\/\/www.vlaksim.cz\/wp-content\/uploads\/img_a362117_w4305_t1575103197.jpg","url":"https:\/\/www.vlaksim.cz\/wp-content\/uploads\/img_a362117_w4305_t1575103197.jpg","height":0,"width":0},"wordCount":550,"keywords":null},{"@type":"Article","@id":"https:\/\/www.vlaksim.cz\/lyzovat-se-da-i-na-sopce\/","headline":"Ly\u017eovat se d\u00e1 i na sopce","url":"https:\/\/www.vlaksim.cz\/lyzovat-se-da-i-na-sopce\/","datePublished":"2019-11-02","dateModified":"2023-05-02","mainEntityOfPage":"https:\/\/www.vlaksim.cz\/lyzovat-se-da-i-na-sopce\/","author":{"@type":"Person","@id":"https:\/\/www.vlaksim.cz\/author\/#Person","name":"","url":"https:\/\/www.vlaksim.cz\/author\/","identifier":1,"image":{"@type":"ImageObject","@id":"https:\/\/secure.gravatar.com\/avatar\/9d25b0af9840660883a67790aa4f595ddc226aa4680c4cf7bc03a25c14fcef85?s=96&d=mm&r=g","url":"https:\/\/secure.gravatar.com\/avatar\/9d25b0af9840660883a67790aa4f595ddc226aa4680c4cf7bc03a25c14fcef85?s=96&d=mm&r=g","height":96,"width":96}},"publisher":{"@type":"Organization","name":"vlaksim.cz","logo":{"@type":"ImageObject","@id":"\/logo.png","url":"\/logo.png","width":600,"height":60}},"image":{"@type":"ImageObject","@id":"https:\/\/www.vlaksim.cz\/wp-content\/uploads\/img_a342673_w1698_t1555930525.jpg","url":"https:\/\/www.vlaksim.cz\/wp-content\/uploads\/img_a342673_w1698_t1555930525.jpg","height":0,"width":0},"wordCount":556,"keywords":null},{"@type":"Article","@id":"https:\/\/www.vlaksim.cz\/bydleni-pro-princezny\/","headline":"Bydlen\u00ed pro princezny","url":"https:\/\/www.vlaksim.cz\/bydleni-pro-princezny\/","datePublished":"2019-10-23","dateModified":"2023-05-02","mainEntityOfPage":"https:\/\/www.vlaksim.cz\/bydleni-pro-princezny\/","author":{"@type":"Person","@id":"https:\/\/www.vlaksim.cz\/author\/#Person","name":"","url":"https:\/\/www.vlaksim.cz\/author\/","identifier":1,"image":{"@type":"ImageObject","@id":"https:\/\/secure.gravatar.com\/avatar\/9d25b0af9840660883a67790aa4f595ddc226aa4680c4cf7bc03a25c14fcef85?s=96&d=mm&r=g","url":"https:\/\/secure.gravatar.com\/avatar\/9d25b0af9840660883a67790aa4f595ddc226aa4680c4cf7bc03a25c14fcef85?s=96&d=mm&r=g","height":96,"width":96}},"publisher":{"@type":"Organization","name":"vlaksim.cz","logo":{"@type":"ImageObject","@id":"\/logo.png","url":"\/logo.png","width":600,"height":60}},"image":{"@type":"ImageObject","@id":"https:\/\/www.vlaksim.cz\/wp-content\/uploads\/img_a373324_w2176_t1584702888.png","url":"https:\/\/www.vlaksim.cz\/wp-content\/uploads\/img_a373324_w2176_t1584702888.png","height":0,"width":0},"wordCount":556,"keywords":null},{"@type":"Article","@id":"https:\/\/www.vlaksim.cz\/aby-bazen-preckal-zimu\/","headline":"Aby baz\u00e9n p\u0159e\u010dkal zimu","url":"https:\/\/www.vlaksim.cz\/aby-bazen-preckal-zimu\/","datePublished":"2019-10-22","dateModified":"2019-10-22","mainEntityOfPage":"https:\/\/www.vlaksim.cz\/aby-bazen-preckal-zimu\/","author":{"@type":"Person","@id":"https:\/\/www.vlaksim.cz\/author\/#Person","name":"","url":"https:\/\/www.vlaksim.cz\/author\/","identifier":1,"image":{"@type":"ImageObject","@id":"https:\/\/secure.gravatar.com\/avatar\/9d25b0af9840660883a67790aa4f595ddc226aa4680c4cf7bc03a25c14fcef85?s=96&d=mm&r=g","url":"https:\/\/secure.gravatar.com\/avatar\/9d25b0af9840660883a67790aa4f595ddc226aa4680c4cf7bc03a25c14fcef85?s=96&d=mm&r=g","height":96,"width":96}},"publisher":{"@type":"Organization","name":"vlaksim.cz","logo":{"@type":"ImageObject","@id":"\/logo.png","url":"\/logo.png","width":600,"height":60}},"image":{"@type":"ImageObject","@id":"https:\/\/www.vlaksim.cz\/wp-content\/uploads\/img_a368820_w2360_t1581049772.jpg","url":"https:\/\/www.vlaksim.cz\/wp-content\/uploads\/img_a368820_w2360_t1581049772.jpg","height":0,"width":0},"wordCount":4544,"keywords":null},{"@type":"Article","@id":"https:\/\/www.vlaksim.cz\/v-nouzi-pomuze-pujcka\/","headline":"V nouzi pom\u016f\u017ee p\u016fj\u010dka","url":"https:\/\/www.vlaksim.cz\/v-nouzi-pomuze-pujcka\/","datePublished":"2019-10-07","dateModified":"2023-05-02","mainEntityOfPage":"https:\/\/www.vlaksim.cz\/v-nouzi-pomuze-pujcka\/","author":{"@type":"Person","@id":"https:\/\/www.vlaksim.cz\/author\/#Person","name":"","url":"https:\/\/www.vlaksim.cz\/author\/","identifier":1,"image":{"@type":"ImageObject","@id":"https:\/\/secure.gravatar.com\/avatar\/9d25b0af9840660883a67790aa4f595ddc226aa4680c4cf7bc03a25c14fcef85?s=96&d=mm&r=g","url":"https:\/\/secure.gravatar.com\/avatar\/9d25b0af9840660883a67790aa4f595ddc226aa4680c4cf7bc03a25c14fcef85?s=96&d=mm&r=g","height":96,"width":96}},"publisher":{"@type":"Organization","name":"vlaksim.cz","logo":{"@type":"ImageObject","@id":"\/logo.png","url":"\/logo.png","width":600,"height":60}},"image":{"@type":"ImageObject","@id":"https:\/\/www.vlaksim.cz\/wp-content\/uploads\/img_a367860_w2189_t1580302200.jpg","url":"https:\/\/www.vlaksim.cz\/wp-content\/uploads\/img_a367860_w2189_t1580302200.jpg","height":0,"width":0},"wordCount":592,"keywords":null}]},{"@context":"https:\/\/schema.org","@type":"WebSite","@id":"https:\/\/www.vlaksim.cz\/#website","name":"Vlak\u0161im","url":"https:\/\/www.vlaksim.cz","potentialAction":{"@type":"SearchAction","target":"https:\/\/www.vlaksim.cz\/?s={search_term_string}","query-input":"required name=search_term_string"}}]