[{"@context":"https:\/\/schema.org\/","@type":"Blog","@id":"https:\/\/www.vlaksim.cz#Blog","headline":"Vlak\u0161im","description":"\nPot\u0159ebujete poradit \u010di pomoci s n\u011b\u010d\u00edm, \u010demu zase a\u017e tak dob\u0159e nerozum\u00edte nebo s \u010d\u00edm si nev\u00edte rady? Mohlo by pomoci, kdybyste nav\u0161t\u00edvili n\u00e1\u0161 web.","url":"https:\/\/www.vlaksim.cz","hasPart":[{"@type":"Article","@id":"https:\/\/www.vlaksim.cz\/individualni-pristup\/","headline":"Individu\u00e1ln\u00ed p\u0159\u00edstup","url":"https:\/\/www.vlaksim.cz\/individualni-pristup\/","datePublished":"2025-08-29","dateModified":"2025-08-29","mainEntityOfPage":"https:\/\/www.vlaksim.cz\/individualni-pristup\/","author":{"@type":"Person","@id":"https:\/\/www.vlaksim.cz\/author\/#Person","name":"","url":"https:\/\/www.vlaksim.cz\/author\/","identifier":1,"image":{"@type":"ImageObject","@id":"https:\/\/secure.gravatar.com\/avatar\/9d25b0af9840660883a67790aa4f595ddc226aa4680c4cf7bc03a25c14fcef85?s=96&d=mm&r=g","url":"https:\/\/secure.gravatar.com\/avatar\/9d25b0af9840660883a67790aa4f595ddc226aa4680c4cf7bc03a25c14fcef85?s=96&d=mm&r=g","height":96,"width":96}},"publisher":{"@type":"Organization","name":"vlaksim.cz","logo":{"@type":"ImageObject","@id":"\/logo.png","url":"\/logo.png","width":600,"height":60}},"image":null,"wordCount":194,"keywords":null},{"@type":"Article","@id":"https:\/\/www.vlaksim.cz\/mate-se-svym-partnerem-pravidelny-sex\/","headline":"M\u00e1te se sv\u00fdm partnerem pravideln\u00fd sex?","url":"https:\/\/www.vlaksim.cz\/mate-se-svym-partnerem-pravidelny-sex\/","datePublished":"2025-08-22","dateModified":"2025-08-22","mainEntityOfPage":"https:\/\/www.vlaksim.cz\/mate-se-svym-partnerem-pravidelny-sex\/","author":{"@type":"Person","@id":"https:\/\/www.vlaksim.cz\/author\/#Person","name":"","url":"https:\/\/www.vlaksim.cz\/author\/","identifier":1,"image":{"@type":"ImageObject","@id":"https:\/\/secure.gravatar.com\/avatar\/9d25b0af9840660883a67790aa4f595ddc226aa4680c4cf7bc03a25c14fcef85?s=96&d=mm&r=g","url":"https:\/\/secure.gravatar.com\/avatar\/9d25b0af9840660883a67790aa4f595ddc226aa4680c4cf7bc03a25c14fcef85?s=96&d=mm&r=g","height":96,"width":96}},"publisher":{"@type":"Organization","name":"vlaksim.cz","logo":{"@type":"ImageObject","@id":"\/logo.png","url":"\/logo.png","width":600,"height":60}},"image":{"@type":"ImageObject","@id":"https:\/\/www.vlaksim.cz\/wp-content\/uploads\/img_a307301_w1988_t1518634370.jpg","url":"https:\/\/www.vlaksim.cz\/wp-content\/uploads\/img_a307301_w1988_t1518634370.jpg","height":0,"width":0},"wordCount":562,"keywords":null},{"@type":"Article","@id":"https:\/\/www.vlaksim.cz\/vasen-ktera-vas-nezklame\/","headline":"V\u00e1\u0161e\u0148, kter\u00e1 V\u00e1s nezklame","url":"https:\/\/www.vlaksim.cz\/vasen-ktera-vas-nezklame\/","datePublished":"2025-08-21","dateModified":"2025-08-21","mainEntityOfPage":"https:\/\/www.vlaksim.cz\/vasen-ktera-vas-nezklame\/","author":{"@type":"Person","@id":"https:\/\/www.vlaksim.cz\/author\/#Person","name":"","url":"https:\/\/www.vlaksim.cz\/author\/","identifier":1,"image":{"@type":"ImageObject","@id":"https:\/\/secure.gravatar.com\/avatar\/9d25b0af9840660883a67790aa4f595ddc226aa4680c4cf7bc03a25c14fcef85?s=96&d=mm&r=g","url":"https:\/\/secure.gravatar.com\/avatar\/9d25b0af9840660883a67790aa4f595ddc226aa4680c4cf7bc03a25c14fcef85?s=96&d=mm&r=g","height":96,"width":96}},"publisher":{"@type":"Organization","name":"vlaksim.cz","logo":{"@type":"ImageObject","@id":"\/logo.png","url":"\/logo.png","width":600,"height":60}},"image":null,"wordCount":259,"keywords":null},{"@type":"Article","@id":"https:\/\/www.vlaksim.cz\/ty-nejlepsi-vylety\/","headline":"Ty nejlep\u0161\u00ed v\u00fdlety","url":"https:\/\/www.vlaksim.cz\/ty-nejlepsi-vylety\/","datePublished":"2025-08-14","dateModified":"2025-08-14","mainEntityOfPage":"https:\/\/www.vlaksim.cz\/ty-nejlepsi-vylety\/","author":{"@type":"Person","@id":"https:\/\/www.vlaksim.cz\/author\/#Person","name":"","url":"https:\/\/www.vlaksim.cz\/author\/","identifier":1,"image":{"@type":"ImageObject","@id":"https:\/\/secure.gravatar.com\/avatar\/9d25b0af9840660883a67790aa4f595ddc226aa4680c4cf7bc03a25c14fcef85?s=96&d=mm&r=g","url":"https:\/\/secure.gravatar.com\/avatar\/9d25b0af9840660883a67790aa4f595ddc226aa4680c4cf7bc03a25c14fcef85?s=96&d=mm&r=g","height":96,"width":96}},"publisher":{"@type":"Organization","name":"vlaksim.cz","logo":{"@type":"ImageObject","@id":"\/logo.png","url":"\/logo.png","width":600,"height":60}},"image":null,"wordCount":276,"keywords":null},{"@type":"Article","@id":"https:\/\/www.vlaksim.cz\/s-levnym-ubytovanim-praha-najdete-dobre-misto\/","headline":"S levn\u00fdm ubytov\u00e1n\u00edm Praha najdete dobr\u00e9 m\u00edsto!","url":"https:\/\/www.vlaksim.cz\/s-levnym-ubytovanim-praha-najdete-dobre-misto\/","datePublished":"2025-08-09","dateModified":"2025-08-09","mainEntityOfPage":"https:\/\/www.vlaksim.cz\/s-levnym-ubytovanim-praha-najdete-dobre-misto\/","author":{"@type":"Person","@id":"https:\/\/www.vlaksim.cz\/author\/#Person","name":"","url":"https:\/\/www.vlaksim.cz\/author\/","identifier":1,"image":{"@type":"ImageObject","@id":"https:\/\/secure.gravatar.com\/avatar\/9d25b0af9840660883a67790aa4f595ddc226aa4680c4cf7bc03a25c14fcef85?s=96&d=mm&r=g","url":"https:\/\/secure.gravatar.com\/avatar\/9d25b0af9840660883a67790aa4f595ddc226aa4680c4cf7bc03a25c14fcef85?s=96&d=mm&r=g","height":96,"width":96}},"publisher":{"@type":"Organization","name":"vlaksim.cz","logo":{"@type":"ImageObject","@id":"\/logo.png","url":"\/logo.png","width":600,"height":60}},"image":null,"wordCount":196,"keywords":null},{"@type":"Article","@id":"https:\/\/www.vlaksim.cz\/obchodovat-se-da-temer-se-vsim\/","headline":"Obchodovat se d\u00e1 t\u00e9m\u011b\u0159 se v\u0161\u00edm","url":"https:\/\/www.vlaksim.cz\/obchodovat-se-da-temer-se-vsim\/","datePublished":"2025-08-02","dateModified":"2025-08-02","mainEntityOfPage":"https:\/\/www.vlaksim.cz\/obchodovat-se-da-temer-se-vsim\/","author":{"@type":"Person","@id":"https:\/\/www.vlaksim.cz\/author\/#Person","name":"","url":"https:\/\/www.vlaksim.cz\/author\/","identifier":1,"image":{"@type":"ImageObject","@id":"https:\/\/secure.gravatar.com\/avatar\/9d25b0af9840660883a67790aa4f595ddc226aa4680c4cf7bc03a25c14fcef85?s=96&d=mm&r=g","url":"https:\/\/secure.gravatar.com\/avatar\/9d25b0af9840660883a67790aa4f595ddc226aa4680c4cf7bc03a25c14fcef85?s=96&d=mm&r=g","height":96,"width":96}},"publisher":{"@type":"Organization","name":"vlaksim.cz","logo":{"@type":"ImageObject","@id":"\/logo.png","url":"\/logo.png","width":600,"height":60}},"image":null,"wordCount":234,"keywords":null},{"@type":"Article","@id":"https:\/\/www.vlaksim.cz\/je-libo-automobil\/","headline":"Je libo automobil?","url":"https:\/\/www.vlaksim.cz\/je-libo-automobil\/","datePublished":"2025-07-29","dateModified":"2025-07-29","mainEntityOfPage":"https:\/\/www.vlaksim.cz\/je-libo-automobil\/","author":{"@type":"Person","@id":"https:\/\/www.vlaksim.cz\/author\/#Person","name":"","url":"https:\/\/www.vlaksim.cz\/author\/","identifier":1,"image":{"@type":"ImageObject","@id":"https:\/\/secure.gravatar.com\/avatar\/9d25b0af9840660883a67790aa4f595ddc226aa4680c4cf7bc03a25c14fcef85?s=96&d=mm&r=g","url":"https:\/\/secure.gravatar.com\/avatar\/9d25b0af9840660883a67790aa4f595ddc226aa4680c4cf7bc03a25c14fcef85?s=96&d=mm&r=g","height":96,"width":96}},"publisher":{"@type":"Organization","name":"vlaksim.cz","logo":{"@type":"ImageObject","@id":"\/logo.png","url":"\/logo.png","width":600,"height":60}},"image":null,"wordCount":209,"keywords":null},{"@type":"Article","@id":"https:\/\/www.vlaksim.cz\/klepy-a-drby\/","headline":"Klepy a drby","url":"https:\/\/www.vlaksim.cz\/klepy-a-drby\/","datePublished":"2025-07-21","dateModified":"2025-07-21","mainEntityOfPage":"https:\/\/www.vlaksim.cz\/klepy-a-drby\/","author":{"@type":"Person","@id":"https:\/\/www.vlaksim.cz\/author\/#Person","name":"","url":"https:\/\/www.vlaksim.cz\/author\/","identifier":1,"image":{"@type":"ImageObject","@id":"https:\/\/secure.gravatar.com\/avatar\/9d25b0af9840660883a67790aa4f595ddc226aa4680c4cf7bc03a25c14fcef85?s=96&d=mm&r=g","url":"https:\/\/secure.gravatar.com\/avatar\/9d25b0af9840660883a67790aa4f595ddc226aa4680c4cf7bc03a25c14fcef85?s=96&d=mm&r=g","height":96,"width":96}},"publisher":{"@type":"Organization","name":"vlaksim.cz","logo":{"@type":"ImageObject","@id":"\/logo.png","url":"\/logo.png","width":600,"height":60}},"image":null,"wordCount":215,"keywords":null},{"@type":"Article","@id":"https:\/\/www.vlaksim.cz\/navrat-do-prace-po-rodicovske-dovolene\/","headline":"N\u00e1vrat do pr\u00e1ce po rodi\u010dovsk\u00e9 dovolen\u00e9","url":"https:\/\/www.vlaksim.cz\/navrat-do-prace-po-rodicovske-dovolene\/","datePublished":"2025-07-19","dateModified":"2025-07-19","mainEntityOfPage":"https:\/\/www.vlaksim.cz\/navrat-do-prace-po-rodicovske-dovolene\/","author":{"@type":"Person","@id":"https:\/\/www.vlaksim.cz\/author\/#Person","name":"","url":"https:\/\/www.vlaksim.cz\/author\/","identifier":1,"image":{"@type":"ImageObject","@id":"https:\/\/secure.gravatar.com\/avatar\/9d25b0af9840660883a67790aa4f595ddc226aa4680c4cf7bc03a25c14fcef85?s=96&d=mm&r=g","url":"https:\/\/secure.gravatar.com\/avatar\/9d25b0af9840660883a67790aa4f595ddc226aa4680c4cf7bc03a25c14fcef85?s=96&d=mm&r=g","height":96,"width":96}},"publisher":{"@type":"Organization","name":"vlaksim.cz","logo":{"@type":"ImageObject","@id":"\/logo.png","url":"\/logo.png","width":600,"height":60}},"image":{"@type":"ImageObject","@id":"https:\/\/www.vlaksim.cz\/wp-content\/uploads\/art285200_4x3_20260815_200015_m9auDe.jpg","url":"https:\/\/www.vlaksim.cz\/wp-content\/uploads\/art285200_4x3_20260815_200015_m9auDe.jpg","height":0,"width":0},"wordCount":516,"keywords":null},{"@type":"Article","@id":"https:\/\/www.vlaksim.cz\/dostatek-ulozneho-prostoru\/","headline":"Dostatek \u00falo\u017en\u00e9ho prostoru","url":"https:\/\/www.vlaksim.cz\/dostatek-ulozneho-prostoru\/","datePublished":"2025-07-15","dateModified":"2025-07-15","mainEntityOfPage":"https:\/\/www.vlaksim.cz\/dostatek-ulozneho-prostoru\/","author":{"@type":"Person","@id":"https:\/\/www.vlaksim.cz\/author\/#Person","name":"","url":"https:\/\/www.vlaksim.cz\/author\/","identifier":1,"image":{"@type":"ImageObject","@id":"https:\/\/secure.gravatar.com\/avatar\/9d25b0af9840660883a67790aa4f595ddc226aa4680c4cf7bc03a25c14fcef85?s=96&d=mm&r=g","url":"https:\/\/secure.gravatar.com\/avatar\/9d25b0af9840660883a67790aa4f595ddc226aa4680c4cf7bc03a25c14fcef85?s=96&d=mm&r=g","height":96,"width":96}},"publisher":{"@type":"Organization","name":"vlaksim.cz","logo":{"@type":"ImageObject","@id":"\/logo.png","url":"\/logo.png","width":600,"height":60}},"image":null,"wordCount":261,"keywords":null}]},{"@context":"https:\/\/schema.org","@type":"WebSite","@id":"https:\/\/www.vlaksim.cz\/#website","name":"Vlak\u0161im","url":"https:\/\/www.vlaksim.cz","potentialAction":{"@type":"SearchAction","target":"https:\/\/www.vlaksim.cz\/?s={search_term_string}","query-input":"required name=search_term_string"}}]