[{"@context":"https:\/\/schema.org\/","@type":"Article","@id":"https:\/\/www.vlaksim.cz\/pece-ktera-se-vam-stonasobne-vrati\/#Article","mainEntityOfPage":"https:\/\/www.vlaksim.cz\/pece-ktera-se-vam-stonasobne-vrati\/","headline":"P\u00e9\u010de, kter\u00e1 se v\u00e1m ston\u00e1sobn\u011b vr\u00e1t\u00ed","name":"P\u00e9\u010de, kter\u00e1 se v\u00e1m ston\u00e1sobn\u011b vr\u00e1t\u00ed","description":"\u017deny se po cel\u00e1 stalet\u00ed zaj\u00edmaj\u00ed o sv\u016fj vzhled a zejm\u00e9na o stav sv\u00e9 poko\u017eky na cel\u00e9m t\u011bla, ale zejm\u00e9na kladou d\u016fraz na ple\u0165 obli\u010deje. Pr\u00e1v\u011b na tv\u00e1\u0159i se toti\u017e jako prvn\u00ed projev\u00ed viditeln\u00fd d\u016fkaz nespr\u00e1vn\u00e9 \u017eivotospr\u00e1vy a p\u00e9\u010de. Anebo tak\u00e9 opa\u010dn\u011b, kdy na pleti obli\u010deje i dekoltu zral\u00fdch dam je z\u0159eteln\u00e1 celo\u017eivotn\u00ed p\u00e9\u010de. Proto...<p class=\"more-link\"><a href=\"https:\/\/www.vlaksim.cz\/pece-ktera-se-vam-stonasobne-vrati\/\" class=\"themebutton3\">Read More<\/a><\/p>","datePublished":"2019-11-10","dateModified":"2023-05-02","author":{"@type":"Person","@id":"https:\/\/www.vlaksim.cz\/author\/#Person","name":"","url":"https:\/\/www.vlaksim.cz\/author\/","identifier":1,"image":{"@type":"ImageObject","@id":"https:\/\/secure.gravatar.com\/avatar\/9d25b0af9840660883a67790aa4f595ddc226aa4680c4cf7bc03a25c14fcef85?s=96&d=mm&r=g","url":"https:\/\/secure.gravatar.com\/avatar\/9d25b0af9840660883a67790aa4f595ddc226aa4680c4cf7bc03a25c14fcef85?s=96&d=mm&r=g","height":96,"width":96}},"publisher":{"@type":"Organization","name":"vlaksim.cz","logo":{"@type":"ImageObject","@id":"\/logo.png","url":"\/logo.png","width":600,"height":60}},"image":{"@type":"ImageObject","@id":"https:\/\/www.vlaksim.cz\/wp-content\/uploads\/img_a363970_w1735_t1576651046.jpg","url":"https:\/\/www.vlaksim.cz\/wp-content\/uploads\/img_a363970_w1735_t1576651046.jpg","height":0,"width":0},"url":"https:\/\/www.vlaksim.cz\/pece-ktera-se-vam-stonasobne-vrati\/","about":["\u017divotn\u00ed styl"],"wordCount":389,"articleBody":"      \u017deny se po cel\u00e1 stalet\u00ed zaj\u00edmaj\u00ed o sv\u016fj vzhled a zejm\u00e9na o stav sv\u00e9 poko\u017eky na cel\u00e9m t\u011bla, ale zejm\u00e9na kladou d\u016fraz na ple\u0165 obli\u010deje. Pr\u00e1v\u011b na tv\u00e1\u0159i se toti\u017e jako prvn\u00ed projev\u00ed viditeln\u00fd d\u016fkaz nespr\u00e1vn\u00e9 \u017eivotospr\u00e1vy a p\u00e9\u010de. Anebo tak\u00e9 opa\u010dn\u011b, kdy na pleti obli\u010deje i dekoltu zral\u00fdch dam je z\u0159eteln\u00e1 celo\u017eivotn\u00ed p\u00e9\u010de. Proto je t\u0159eba osvojen\u00ed z\u00e1klad\u016f t\u00e9to p\u00e9\u010de nejl\u00e9pe u\u017e od d\u011btstv\u00ed. Ka\u017ed\u00e1 ple\u0165 ov\u0161em chce to sv\u00e9 a jestli\u017ee pat\u0159\u00edte k majitelk\u00e1m such\u00e9 poko\u017eky, doporu\u010dujeme , perfektn\u00ed vzpruhu i povzbuzen\u00ed poch\u00e1zej\u00edc\u00ed z ingredienc\u00ed dalek\u00e9 Havaje. Tato z\u00e1zra\u010dn\u00e9 maska obsahuje SPIRULINU-modrou mo\u0159skou  https:\/\/www.kosmas.cz\/knihy\/234328\/pod-morskou-hladinou\/ \u0159asu plnou antioxidant\u016f s blahod\u00e1rn\u00fdm vlivem na regeneraci ko\u017en\u00edch bun\u011bk, d\u00e1le HAVAJSK\u00dd RAW MED, KAOLIN, ALOE VERA, MAKADAMOV\u00dd OLEJ a hydrosol z BULHARSK\u00c9 R\u016e\u017dE. Kl\u00ed\u010dovou slo\u017ekou toho elix\u00edru sv\u011b\u017eesti a kr\u00e1sy je LAUKAHI-uct\u00edvan\u00e1 a velmi \u010dasto pou\u017e\u00edvan\u00e1 bylina v havajsk\u00e9m l\u00e9\u010ditelstv\u00ed. Slo\u017een\u00ed masky vyhovuje v\u0161em typ\u016fm pleti. Nan\u00e1\u0161\u00ed se jako v\u0161echny p\u0159\u00edpravky tohoto typu na dokonale vy\u010di\u0161t\u011bnou ple\u0165 obli\u010deje, krom\u011b okol\u00ed o\u010d\u00ed a nech\u00e1 se p\u016fsobit deset a\u017e patn\u00e1ct minut. V n\u011bkter\u00fdch p\u0159\u00edpadech m\u016f\u017ee m\u00edt z po\u010d\u00e1tku pon\u011bkud sv\u00edrav\u011bj\u0161\u00ed \u00fa\u010dinky, kter\u00e9 ale velmi rychle odezn\u00ed. Pot\u00e9 n\u00e1nos jemn\u011b set\u0159ete vlhk\u00fdm tepl\u00fdm ru\u010dn\u00edkem a naneste po dal\u0161\u00edch asi p\u011bti minut\u00e1ch lehk\u00fd hydrata\u010dn\u00ed kr\u00e9m, na kter\u00fd jste zvykl\u00e1. \u00da\u010dinky t\u00e9to masky jsou okam\u017eit\u011b z\u0159ejm\u00e9 v hluboce hydratovan\u00e9 a rozz\u00e1\u0159en\u00e9 pleti. Proto, abyste ji udr\u017eela v co nejlep\u0161\u00ed kondici, je vhodn\u00e9 masku aplikovat minim\u00e1ln\u011b dvakr\u00e1t do m\u011bs\u00edce. B\u011bhem p\u016fsoben\u00ed masky je vhodn\u00e1 alespo\u0148 kr\u00e1tkodob\u00e1 relaxace vle\u017ee. Dop\u0159ejte si dom\u00e1c\u00ed p\u00e9\u010di s kvalitn\u00ed kosmetick\u00fdm p\u0159\u00edpravkem, jen\u017e m\u016f\u017ee sm\u011ble konkurovat t\u011bm, se kter\u00fdmi pracuj\u00ed zn\u00e1m\u00e9 salony. Dop\u0159ejte si perfektn\u011b hydratovanou a vy\u017eivenou ple\u0165, kter\u00e1 mnoho vypov\u00ed o va\u0161\u00ed starostliv\u00e9 p\u00e9\u010di.                                                                                                                                                                                                                                                                                                                                                                                         4.7\/5 - (6 votes)        "},{"@context":"https:\/\/schema.org\/","@type":"BreadcrumbList","itemListElement":[{"@type":"ListItem","position":1,"name":"P\u00e9\u010de, kter\u00e1 se v\u00e1m ston\u00e1sobn\u011b vr\u00e1t\u00ed","item":"https:\/\/www.vlaksim.cz\/pece-ktera-se-vam-stonasobne-vrati\/#breadcrumbitem"}]}]