[{"@context":"https:\/\/schema.org\/","@type":"Article","@id":"https:\/\/www.vlaksim.cz\/pozvete-vsechny-sve-blizke\/#Article","mainEntityOfPage":"https:\/\/www.vlaksim.cz\/pozvete-vsechny-sve-blizke\/","headline":"Pozv\u011bte v\u0161echny sv\u00e9 bl\u00edzk\u00e9","name":"Pozv\u011bte v\u0161echny sv\u00e9 bl\u00edzk\u00e9","description":"Milujete, sejde-li se cel\u00e1 Va\u0161e rodina p\u0159i mimo\u0159\u00e1dn\u00fdch slavnostn\u00edch ud\u00e1lostech? M\u00e1te r\u00e1di, kdy\u017e se na oslavu narozenin Va\u0161ich d\u011bt\u00ed sejdou v\u0161ichni p\u0159\u00edbuzn\u00ed, p\u0159\u00e1tel\u00e9 a zn\u00e1m\u00ed? M\u00e1te r\u00e1di oslavy a p\u00e1rty? M\u00e1te r\u00e1di, dr\u017e\u00ed-li rodina pohromad\u011b? Tak je to v po\u0159\u00e1dku a m\u011blo by to tak b\u00fdt. Probl\u00e9m ov\u0161em m\u016f\u017ee vzniknout, je-li rodina a\u017e p\u0159\u00edli\u0161 po\u010detn\u00e1...<p class=\"more-link\"><a href=\"https:\/\/www.vlaksim.cz\/pozvete-vsechny-sve-blizke\/\" class=\"themebutton3\">Read More<\/a><\/p>","datePublished":"2023-05-14","dateModified":"2024-05-20","author":{"@type":"Person","@id":"https:\/\/www.vlaksim.cz\/author\/#Person","name":"","url":"https:\/\/www.vlaksim.cz\/author\/","identifier":1,"image":{"@type":"ImageObject","@id":"https:\/\/secure.gravatar.com\/avatar\/9d25b0af9840660883a67790aa4f595ddc226aa4680c4cf7bc03a25c14fcef85?s=96&d=mm&r=g","url":"https:\/\/secure.gravatar.com\/avatar\/9d25b0af9840660883a67790aa4f595ddc226aa4680c4cf7bc03a25c14fcef85?s=96&d=mm&r=g","height":96,"width":96}},"publisher":{"@type":"Organization","name":"vlaksim.cz","logo":{"@type":"ImageObject","@id":"\/logo.png","url":"\/logo.png","width":600,"height":60}},"url":"https:\/\/www.vlaksim.cz\/pozvete-vsechny-sve-blizke\/","wordCount":269,"articleBody":"Milujete, sejde-li se cel\u00e1 Va\u0161e rodina p\u0159i mimo\u0159\u00e1dn\u00fdch slavnostn\u00edch ud\u00e1lostech? M\u00e1te r\u00e1di, kdy\u017e se na oslavu narozenin Va\u0161ich d\u011bt\u00ed sejdou v\u0161ichni p\u0159\u00edbuzn\u00ed, p\u0159\u00e1tel\u00e9 a zn\u00e1m\u00ed? M\u00e1te r\u00e1di oslavy a p\u00e1rty? M\u00e1te r\u00e1di, dr\u017e\u00ed-li rodina pohromad\u011b? Tak je to v po\u0159\u00e1dku a m\u011blo by to tak b\u00fdt. Probl\u00e9m ov\u0161em m\u016f\u017ee vzniknout, je-li rodina a\u017e p\u0159\u00edli\u0161 po\u010detn\u00e1 a ud\u00e1lost p\u0159\u00edli\u0161 mimo\u0159\u00e1dn\u00e1, nap\u0159\u00edklad svatba. Jak v\u0161e za\u0159\u00eddit a uspo\u0159\u00e1dat, kdy\u017e byt je pro v\u0161echny hosty p\u0159\u00edli\u0161 mal\u00fd? Pozv\u011bte je v\u0161echny k n\u00e1m a m\u00e1te po starostech!V zim\u011b i v l\u00e9t\u011b je u n\u00e1s dob\u0159eChcete-li uspo\u0159\u00e1dat n\u00e1dhernou svatebn\u00ed hostinu, rozhodn\u011b nepodmi\u0148ujte jej\u00ed skv\u011blost t\u00edm, \u017ee bude kon\u00e1na v\u00fdhradn\u011b v l\u00e9t\u011b. Nakonec V\u00e1m nebude p\u0159\u00e1t po\u010das\u00ed a z venkovn\u00ed oslavy m\u016f\u017ee zb\u00fdt jen uplakan\u00fd den. Ne v\u0161ak u n\u00e1s! My nab\u00edz\u00edme venkovn\u00ed posezen\u00ed, oslava ale m\u016f\u017ee b\u00fdt stejn\u011b par\u00e1dn\u00ed i uvnit\u0159, v klimatizovan\u00fdch prostorech. Uvnit\u0159 nav\u00edc d\u00edky jedine\u010dn\u00e9mu starobyl\u00e9mu lad\u011bn\u00ed interi\u00e9ru z\u00edsk\u00e1 Va\u0161e oslava skute\u010dn\u011b mimo\u0159\u00e1dnou atmosf\u00e9ru. A pokud Va\u0161i host\u00e9 \u010di i Vy, novoman\u017eel\u00e9, budete cht\u00edt z\u016fstat p\u0159es noc, r\u00e1di se o V\u00e1s postar\u00e1me a ulo\u017e\u00edme V\u00e1s k sladk\u00e9mu sp\u00e1nku.                                                                                                                                                                                                                                                                                                                                                                                        4.8\/5 - (9 votes)        "},{"@context":"https:\/\/schema.org\/","@type":"BreadcrumbList","itemListElement":[{"@type":"ListItem","position":1,"name":"Pozv\u011bte v\u0161echny sv\u00e9 bl\u00edzk\u00e9","item":"https:\/\/www.vlaksim.cz\/pozvete-vsechny-sve-blizke\/#breadcrumbitem"}]}]