[{"@context":"https:\/\/schema.org\/","@type":"Article","@id":"https:\/\/www.vlaksim.cz\/pro-prijemne-spani\/#Article","mainEntityOfPage":"https:\/\/www.vlaksim.cz\/pro-prijemne-spani\/","headline":"Pro p\u0159\u00edjemn\u00e9 span\u00ed","name":"Pro p\u0159\u00edjemn\u00e9 span\u00ed","description":"Bude to l\u00e1ska na prvn\u00ed pohled. A z va\u0161eho o\u010darov\u00e1n\u00ed vznikne dlouhodob\u00e1 n\u00e1klonnost. A z n\u00e1klonnosti je u\u017e jenom kr\u016f\u010dek k v\u011brnosti. Tak p\u0159\u00edjemn\u00fdm spole\u010dn\u00edkem je povle\u010den\u00ed bavln\u011bn\u00fd sat\u00e9n. Lep\u0161\u00ed p\u00e9\u010di v\u00e1m jin\u00fd matri\u00e1l nab\u00eddnout nem\u016f\u017ee. Je to komfort, kter\u00fd si m\u016f\u017eete u\u017e\u00edvat po cel\u00fd rok. Je to h\u00fd\u010dk\u00e1n\u00ed t\u011bla, za kter\u00e9 m\u016f\u017ee p\u0159\u00edrodn\u00ed materi\u00e1l,...<p class=\"more-link\"><a href=\"https:\/\/www.vlaksim.cz\/pro-prijemne-spani\/\" class=\"themebutton3\">Read More<\/a><\/p>","datePublished":"2023-08-11","dateModified":"2023-08-11","author":{"@type":"Person","@id":"https:\/\/www.vlaksim.cz\/author\/#Person","name":"","url":"https:\/\/www.vlaksim.cz\/author\/","identifier":1,"image":{"@type":"ImageObject","@id":"https:\/\/secure.gravatar.com\/avatar\/9d25b0af9840660883a67790aa4f595ddc226aa4680c4cf7bc03a25c14fcef85?s=96&d=mm&r=g","url":"https:\/\/secure.gravatar.com\/avatar\/9d25b0af9840660883a67790aa4f595ddc226aa4680c4cf7bc03a25c14fcef85?s=96&d=mm&r=g","height":96,"width":96}},"publisher":{"@type":"Organization","name":"vlaksim.cz","logo":{"@type":"ImageObject","@id":"\/logo.png","url":"\/logo.png","width":600,"height":60}},"url":"https:\/\/www.vlaksim.cz\/pro-prijemne-spani\/","wordCount":281,"articleBody":"Bude to l\u00e1ska na prvn\u00ed pohled. A z va\u0161eho o\u010darov\u00e1n\u00ed vznikne dlouhodob\u00e1 n\u00e1klonnost. A z n\u00e1klonnosti je u\u017e jenom kr\u016f\u010dek k v\u011brnosti. Tak p\u0159\u00edjemn\u00fdm spole\u010dn\u00edkem je povle\u010den\u00ed bavln\u011bn\u00fd sat\u00e9n. Lep\u0161\u00ed p\u00e9\u010di v\u00e1m jin\u00fd matri\u00e1l nab\u00eddnout nem\u016f\u017ee. Je to komfort, kter\u00fd si m\u016f\u017eete u\u017e\u00edvat po cel\u00fd rok. Je to h\u00fd\u010dk\u00e1n\u00ed t\u011bla, za kter\u00e9 m\u016f\u017ee p\u0159\u00edrodn\u00ed materi\u00e1l, jen\u017e tomuto lo\u017en\u00edmu pr\u00e1dlu prop\u016fj\u010dil svoje nejlep\u0161\u00ed vlastnosti. Jestli chcete za\u017e\u00edt tu pravou pohodu, klid a spokojen\u00e9 span\u00ed, tak nehledejte nic jin\u00e9ho. Vybrali jste si nejl\u00edp, jak jste mohli.\tSpr\u00e1vn\u00e1 volbaSp\u00e1nek je t\u00edm co by m\u011blo dodat energii a p\u0159isp\u011bt k pohod\u011b po cel\u00fd dal\u0161\u00ed den. Aby bylo span\u00ed skute\u010dn\u011b t\u00edm, co od n\u011bho t\u011blo a mysl o\u010dek\u00e1vaj\u00ed, mus\u00edte si v noci opravdu po\u0159\u00e1dn\u011b odpo\u010dinout. K tomu, aby z v\u00e1s spadla \u00fanava, a r\u00e1no jste \u010dile vysko\u010dili z postele, m\u016f\u017eete p\u0159isp\u011bt do velk\u00e9 m\u00edry sami. Va\u0161e lo\u017enice by m\u011bla b\u00fdt prost\u0159ed\u00edm, kde se budete dob\u0159e c\u00edtit. V\u00fdb\u011br vybaven\u00ed a nejr\u016fzn\u011bj\u0161\u00edch dopl\u0148k\u016f dok\u00e1\u017ee s atmosf\u00e9rou ud\u011blat opravdu hodn\u011b. Zrovna tak m\u016f\u017ee ovlivnit to, aby ka\u017ed\u00e1 noc byla skute\u010dn\u011b p\u0159\u00edjemn\u00e1 spr\u00e1vn\u011b zvolen\u00e9 lo\u017en\u00ed pr\u00e1dlo. Pokud va\u0161e volba padne na povle\u010den\u00ed bavln\u011bn\u00fd sat\u00e9n, tak l\u00edp jste ud\u011blat nemohli.                                                                                                                                                                                                                                                                                                                                                                                        4.6\/5 - (7 votes)        "},{"@context":"https:\/\/schema.org\/","@type":"BreadcrumbList","itemListElement":[{"@type":"ListItem","position":1,"name":"Pro p\u0159\u00edjemn\u00e9 span\u00ed","item":"https:\/\/www.vlaksim.cz\/pro-prijemne-spani\/#breadcrumbitem"}]}]