[{"@context":"https:\/\/schema.org\/","@type":"Article","@id":"https:\/\/www.vlaksim.cz\/s-novym-kabelem-k-pohodlnejsimu-pouzivani-mobilu\/#Article","mainEntityOfPage":"https:\/\/www.vlaksim.cz\/s-novym-kabelem-k-pohodlnejsimu-pouzivani-mobilu\/","headline":"S nov\u00fdm kabelem k pohodln\u011bj\u0161\u00edmu pou\u017e\u00edv\u00e1n\u00ed mobilu","name":"S nov\u00fdm kabelem k pohodln\u011bj\u0161\u00edmu pou\u017e\u00edv\u00e1n\u00ed mobilu","description":"Pro n\u011bkoho banalita, pro n\u011bkoho skute\u010dn\u00fd probl\u00e9m. Jak to d\u011blat tehdy, kdy\u017e m\u00e1te po ruce nejenom klasick\u00fd chytr\u00fd telefon, ale tak\u00e9 telefon od \u201enakousnut\u00e9ho jablka\u201c nebo t\u0159eba fotoapar\u00e1t a podobn\u011b? V takov\u00fdch p\u0159\u00edpadech bude nutn\u00e9 m\u00edt k dispozici hned t\u0159i kabely. Jak jist\u011b v\u00edte, je to velmi nepraktick\u00e9, nebo\u0165 m\u016f\u017eete jednodu\u0161e ten spr\u00e1vn\u00fd zp\u016fsob propojen\u00ed...<p class=\"more-link\"><a href=\"https:\/\/www.vlaksim.cz\/s-novym-kabelem-k-pohodlnejsimu-pouzivani-mobilu\/\" class=\"themebutton3\">Read More<\/a><\/p>","datePublished":"2018-08-05","dateModified":"2023-05-02","author":{"@type":"Person","@id":"https:\/\/www.vlaksim.cz\/author\/#Person","name":"","url":"https:\/\/www.vlaksim.cz\/author\/","identifier":1,"image":{"@type":"ImageObject","@id":"https:\/\/secure.gravatar.com\/avatar\/9d25b0af9840660883a67790aa4f595ddc226aa4680c4cf7bc03a25c14fcef85?s=96&d=mm&r=g","url":"https:\/\/secure.gravatar.com\/avatar\/9d25b0af9840660883a67790aa4f595ddc226aa4680c4cf7bc03a25c14fcef85?s=96&d=mm&r=g","height":96,"width":96}},"publisher":{"@type":"Organization","name":"vlaksim.cz","logo":{"@type":"ImageObject","@id":"\/logo.png","url":"\/logo.png","width":600,"height":60}},"image":{"@type":"ImageObject","@id":"https:\/\/www.vlaksim.cz\/wp-content\/uploads\/img_a325147_w2448_t1537033183.jpg","url":"https:\/\/www.vlaksim.cz\/wp-content\/uploads\/img_a325147_w2448_t1537033183.jpg","height":0,"width":0},"url":"https:\/\/www.vlaksim.cz\/s-novym-kabelem-k-pohodlnejsimu-pouzivani-mobilu\/","about":["Produkty"],"wordCount":401,"articleBody":"      Pro n\u011bkoho banalita, pro n\u011bkoho skute\u010dn\u00fd probl\u00e9m. Jak to d\u011blat tehdy, kdy\u017e m\u00e1te po ruce nejenom klasick\u00fd chytr\u00fd telefon, ale tak\u00e9 telefon od \u201enakousnut\u00e9ho jablka\u201c nebo t\u0159eba fotoapar\u00e1t a podobn\u011b? V takov\u00fdch p\u0159\u00edpadech bude nutn\u00e9 m\u00edt k dispozici hned t\u0159i kabely. Jak jist\u011b v\u00edte, je to velmi nepraktick\u00e9, nebo\u0165 m\u016f\u017eete jednodu\u0161e ten spr\u00e1vn\u00fd zp\u016fsob propojen\u00ed zapomenout a pak nast\u00e1v\u00e1 probl\u00e9m s nab\u00edjen\u00edm a podobn\u011b. Tento probl\u00e9m v\u0161ak ji\u017e \u0159e\u0161it nemus\u00edte, pokud budete m\u00edt k dispozici speci\u00e1ln\u00ed a univers\u00e1ln\u00ed USB kabel . Efektivita na v\u0161echny strany Mo\u017en\u00e1 si \u0159\u00edk\u00e1te, \u017ee takov\u00e9 \u0159e\u0161en\u00ed je zcela zbyte\u010dn\u00e9. A\u017e se v\u00e1m v\u0161ak skute\u010dn\u011b stane, \u017ee kabel n\u011bkde zapomenete, hned si uv\u011bdom\u00edte, jak by bylo skv\u011bl\u00e9 m\u00edt k dispozici jenom jeden prvek. Nehled\u011b na m\u00edsto, kter\u00e9 v\u00e1m na t\u0159i na sob\u011b nez\u00e1visl\u00e9 dr\u00e1ty budou zab\u00edrat. Pr\u00e1v\u011b proto je dobr\u00e9 p\u0159em\u00fd\u0161let o tomto produktu, kter\u00fd pro v\u00e1s bude opravdu v\u00fdhodn\u00fd. Je v\u0161ak nutn\u00e9 v\u011bd\u011bt, co va\u0161e za\u0159\u00edzen\u00ed skute\u010dn\u011b pot\u0159ebuje. V p\u0159\u00edpad\u011b, kdy m\u00e1te produkty pouze od v\u00fd\u0161e uveden\u00e9 zna\u010dky nebo naopak d\u016fv\u011b\u0159ujete standardn\u00edm chytr\u00fdm telefon\u016fm, pak nem\u00e1 smysl tento produkt kupovat. Vlastnosti tohoto produktu: Vodi\u010d opleten\u00fd nylonem pro v\u011bt\u0161\u00ed odolnost p\u0159i oh\u00fdb\u00e1n\u00ed  3 r\u016fzn\u00e9 koncovky, kter\u00e9 se p\u0159ipojuj\u00ed k samotn\u00e9mu kabelu  Micro USB, USB-C, Lightning konektor  LED indik\u00e1tor pro ov\u011b\u0159en\u00ed funkce nab\u00edjen\u00ed  Jak m\u016f\u017eete vid\u011bt, jde o zaj\u00edmav\u00fd produkt, kter\u00fd by nem\u011bl chyb\u011bt ve v\u00fdbav\u011b ka\u017ed\u00e9ho, kdo si zakl\u00e1d\u00e1 na universalit\u011b a mo\u017enosti propojen\u00ed r\u016fzn\u00fdch za\u0159\u00edzen\u00ed mezi sebou. M\u011bjte na pam\u011bti, \u017ee krom\u011b v\u00fd\u0161e uveden\u00fdch vlastnost\u00ed je nutn\u00e9 po\u010d\u00edtat s t\u00edm, \u017ee nejde o dr\u00e1t, kter\u00fd v\u00e1m dok\u00e1\u017ee nab\u00edt va\u0161e za\u0159\u00edzen\u00ed jakkoli rychle. Stejn\u011b tak je bohu\u017eel nutn\u00e9 myslet na to, \u017ee pomoc\u00ed tohoto prvku nebudete moci p\u0159ev\u00e9st do sv\u00e9ho za\u0159\u00edzen\u00ed \u017e\u00e1dn\u00e1 data. Jde toti\u017e \u010dist\u011b o nab\u00edjen\u00ed dr\u00e1t, ur\u010den\u00fd pro standardn\u011b rychle nab\u00edjen\u00ed.                                                                                                                                                                                                                                                                                                                                                                                          4.7\/5 - (8 votes)        "},{"@context":"https:\/\/schema.org\/","@type":"BreadcrumbList","itemListElement":[{"@type":"ListItem","position":1,"name":"S nov\u00fdm kabelem k pohodln\u011bj\u0161\u00edmu pou\u017e\u00edv\u00e1n\u00ed mobilu","item":"https:\/\/www.vlaksim.cz\/s-novym-kabelem-k-pohodlnejsimu-pouzivani-mobilu\/#breadcrumbitem"}]}]